{"id":71,"date":"2009-04-18T13:34:45","date_gmt":"2009-04-18T11:34:45","guid":{"rendered":"http:\/\/kochsiek.org\/blog\/?p=71"},"modified":"2009-04-18T13:34:45","modified_gmt":"2009-04-18T11:34:45","slug":"schwarzer-tag-fur-bittorrent-index-seiten-betreiber","status":"publish","type":"post","link":"http:\/\/kochsiek.org\/blog\/2009\/04\/18\/schwarzer-tag-fur-bittorrent-index-seiten-betreiber\/","title":{"rendered":"Schwarzer Tag f\u00fcr BitTorrent Index-Seiten Betreiber"},"content":{"rendered":"<p>Die Betreiber des nach eigenen Angaben gr\u00f6\u00dften BitTorrent Portals <a title=\"The Pirate Bay\" href=\"http:\/\/thepiratebay.org\/\" target=\"_blank\">The Pirate Bay (TPB)<\/a> wurden von einem schwedischen Gericht wegen Verletzung des Urheberrechts zu einj\u00e4hrigen Haftstrafen sowie zur Zahlung von 2,74 Millionen Euro <a title=\"Focus Online\" href=\"http:\/\/www.focus.de\/panorama\/vermischtes\/pirate-bay-prozess-betreiber-wegen-verletzung-des-urheberrechts-verurteilt_aid_390931.html\" target=\"_blank\">verurteilt<\/a> (und wollen in Berufung gehen).<\/p>\n<p>Mal sehen, wie die Berufungs-Verhandlung ausgeht &#8230;<\/p>\n","protected":false},"excerpt":{"rendered":"<p>Die Betreiber des nach eigenen Angaben gr\u00f6\u00dften BitTorrent Portals The Pirate Bay (TPB) wurden von einem schwedischen Gericht wegen Verletzung des Urheberrechts zu einj\u00e4hrigen Haftstrafen sowie zur Zahlung von 2,74 Millionen Euro verurteilt (und wollen in Berufung gehen). Mal sehen, &hellip; <a href=\"http:\/\/kochsiek.org\/blog\/2009\/04\/18\/schwarzer-tag-fur-bittorrent-index-seiten-betreiber\/\">Weiterlesen <span class=\"meta-nav\">&rarr;<\/span><\/a><\/p>\n","protected":false},"author":2,"featured_media":0,"comment_status":"open","ping_status":"open","sticky":false,"template":"","format":"standard","meta":{"ngg_post_thumbnail":0,"footnotes":""},"categories":[8],"tags":[],"jetpack_sharing_enabled":true,"jetpack_featured_media_url":"","_links":{"self":[{"href":"http:\/\/kochsiek.org\/blog\/wp-json\/wp\/v2\/posts\/71"}],"collection":[{"href":"http:\/\/kochsiek.org\/blog\/wp-json\/wp\/v2\/posts"}],"about":[{"href":"http:\/\/kochsiek.org\/blog\/wp-json\/wp\/v2\/types\/post"}],"author":[{"embeddable":true,"href":"http:\/\/kochsiek.org\/blog\/wp-json\/wp\/v2\/users\/2"}],"replies":[{"embeddable":true,"href":"http:\/\/kochsiek.org\/blog\/wp-json\/wp\/v2\/comments?post=71"}],"version-history":[{"count":1,"href":"http:\/\/kochsiek.org\/blog\/wp-json\/wp\/v2\/posts\/71\/revisions"}],"predecessor-version":[{"id":72,"href":"http:\/\/kochsiek.org\/blog\/wp-json\/wp\/v2\/posts\/71\/revisions\/72"}],"wp:attachment":[{"href":"http:\/\/kochsiek.org\/blog\/wp-json\/wp\/v2\/media?parent=71"}],"wp:term":[{"taxonomy":"category","embeddable":true,"href":"http:\/\/kochsiek.org\/blog\/wp-json\/wp\/v2\/categories?post=71"},{"taxonomy":"post_tag","embeddable":true,"href":"http:\/\/kochsiek.org\/blog\/wp-json\/wp\/v2\/tags?post=71"}],"curies":[{"name":"wp","href":"https:\/\/api.w.org\/{rel}","templated":true}]}}