{"id":664,"date":"2009-07-25T01:11:15","date_gmt":"2009-07-24T23:11:15","guid":{"rendered":"http:\/\/kochsiek.org\/blog\/?p=664"},"modified":"2009-07-25T01:11:15","modified_gmt":"2009-07-24T23:11:15","slug":"sichere-sache","status":"publish","type":"post","link":"http:\/\/kochsiek.org\/blog\/2009\/07\/25\/sichere-sache\/","title":{"rendered":"Sichere Sache!"},"content":{"rendered":"<p>Die SPD in Lage scheint sich schon damit abgefunden zu haben, in der n\u00e4chsten Legislaturperiode unseren aktuellen B\u00fcrgermeister Christian Liebrecht etwas entlasten zu m\u00fcssen. Anders kann ich es mir nicht erkl\u00e4ren, dass eine Sprechstunde mit Hans-Martin Kaup unter der \u00dcberschrift <em>B\u00fcrgermeister (Kandidat) Sprechstunde<\/em> angek\u00fcndigt wird.<\/p>\n<p><a href=\"http:\/\/kochsiek.org\/blog\/wp-content\/uploads\/2009\/07\/Buergermeister_Kandidat_der_Lagenser_SPD.jpg\"><img loading=\"lazy\" decoding=\"async\" class=\"aligncenter size-full wp-image-575\" title=\"Buergermeister (Kandidat) der Lagenser SPD\" src=\"http:\/\/kochsiek.org\/blog\/wp-content\/uploads\/2009\/07\/Buergermeister_Kandidat_der_Lagenser_SPD.jpg\" alt=\"Buergermeister (Kandidat) der Lagenser SPD\" width=\"195\" height=\"251\" \/><\/a><\/p>\n","protected":false},"excerpt":{"rendered":"<p>Die SPD in Lage scheint sich schon damit abgefunden zu haben, in der n\u00e4chsten Legislaturperiode unseren aktuellen B\u00fcrgermeister Christian Liebrecht etwas entlasten zu m\u00fcssen. Anders kann ich es mir nicht erkl\u00e4ren, dass eine Sprechstunde mit Hans-Martin Kaup unter der \u00dcberschrift &hellip; <a href=\"http:\/\/kochsiek.org\/blog\/2009\/07\/25\/sichere-sache\/\">Weiterlesen <span class=\"meta-nav\">&rarr;<\/span><\/a><\/p>\n","protected":false},"author":2,"featured_media":0,"comment_status":"open","ping_status":"open","sticky":false,"template":"","format":"standard","meta":{"ngg_post_thumbnail":0,"footnotes":""},"categories":[32,162],"tags":[272,273,137,274],"jetpack_sharing_enabled":true,"jetpack_featured_media_url":"","_links":{"self":[{"href":"http:\/\/kochsiek.org\/blog\/wp-json\/wp\/v2\/posts\/664"}],"collection":[{"href":"http:\/\/kochsiek.org\/blog\/wp-json\/wp\/v2\/posts"}],"about":[{"href":"http:\/\/kochsiek.org\/blog\/wp-json\/wp\/v2\/types\/post"}],"author":[{"embeddable":true,"href":"http:\/\/kochsiek.org\/blog\/wp-json\/wp\/v2\/users\/2"}],"replies":[{"embeddable":true,"href":"http:\/\/kochsiek.org\/blog\/wp-json\/wp\/v2\/comments?post=664"}],"version-history":[{"count":4,"href":"http:\/\/kochsiek.org\/blog\/wp-json\/wp\/v2\/posts\/664\/revisions"}],"predecessor-version":[{"id":715,"href":"http:\/\/kochsiek.org\/blog\/wp-json\/wp\/v2\/posts\/664\/revisions\/715"}],"wp:attachment":[{"href":"http:\/\/kochsiek.org\/blog\/wp-json\/wp\/v2\/media?parent=664"}],"wp:term":[{"taxonomy":"category","embeddable":true,"href":"http:\/\/kochsiek.org\/blog\/wp-json\/wp\/v2\/categories?post=664"},{"taxonomy":"post_tag","embeddable":true,"href":"http:\/\/kochsiek.org\/blog\/wp-json\/wp\/v2\/tags?post=664"}],"curies":[{"name":"wp","href":"https:\/\/api.w.org\/{rel}","templated":true}]}}