{"id":620,"date":"2009-07-15T13:28:04","date_gmt":"2009-07-15T11:28:04","guid":{"rendered":"http:\/\/kochsiek.org\/blog\/?p=620"},"modified":"2009-07-15T13:28:35","modified_gmt":"2009-07-15T11:28:35","slug":"nrw-verbietet-himmelslaternen","status":"publish","type":"post","link":"http:\/\/kochsiek.org\/blog\/2009\/07\/15\/nrw-verbietet-himmelslaternen\/","title":{"rendered":"NRW verbietet Himmelslaternen"},"content":{"rendered":"<p>Ab n\u00e4chstem Samstag ist es in NRW verboten, die sog. <a id=\"aptureLink_GqqwRSvbHB\" href=\"http:\/\/de.wikipedia.org\/wiki\/Himmelslaterne\">Himmelslaternen<\/a> aufsteigen zu lassen, berichtet<a title=\"RP-Online Himmelslaternen\" href=\"http:\/\/www.rp-online.de\/public\/article\/politik\/deutschland\/731978\/NRW-verbietet-Himmelslaternen.html\" target=\"_blank\"> RP-Online<\/a>.<\/p>\n<p>Falls also noch jemand ein paar von den Dingern gelagert hat, sollte er\/sie diese<\/p>\n<blockquote><p>unbemannte Ballone, in denen die Luft mit festen, fl\u00fcssigen oder gasf\u00f6rmigen Brennstoffen erw\u00e4rmt wird<\/p><\/blockquote>\n<p>tunlichst vorher noch &#8222;verbrauchen&#8220;.<\/p>\n","protected":false},"excerpt":{"rendered":"<p>Ab n\u00e4chstem Samstag ist es in NRW verboten, die sog. Himmelslaternen aufsteigen zu lassen, berichtet RP-Online. Falls also noch jemand ein paar von den Dingern gelagert hat, sollte er\/sie diese unbemannte Ballone, in denen die Luft mit festen, fl\u00fcssigen oder &hellip; <a href=\"http:\/\/kochsiek.org\/blog\/2009\/07\/15\/nrw-verbietet-himmelslaternen\/\">Weiterlesen <span class=\"meta-nav\">&rarr;<\/span><\/a><\/p>\n","protected":false},"author":2,"featured_media":0,"comment_status":"open","ping_status":"open","sticky":false,"template":"","format":"standard","meta":{"ngg_post_thumbnail":0,"footnotes":""},"categories":[4],"tags":[253,254,255,256],"jetpack_sharing_enabled":true,"jetpack_featured_media_url":"","_links":{"self":[{"href":"http:\/\/kochsiek.org\/blog\/wp-json\/wp\/v2\/posts\/620"}],"collection":[{"href":"http:\/\/kochsiek.org\/blog\/wp-json\/wp\/v2\/posts"}],"about":[{"href":"http:\/\/kochsiek.org\/blog\/wp-json\/wp\/v2\/types\/post"}],"author":[{"embeddable":true,"href":"http:\/\/kochsiek.org\/blog\/wp-json\/wp\/v2\/users\/2"}],"replies":[{"embeddable":true,"href":"http:\/\/kochsiek.org\/blog\/wp-json\/wp\/v2\/comments?post=620"}],"version-history":[{"count":2,"href":"http:\/\/kochsiek.org\/blog\/wp-json\/wp\/v2\/posts\/620\/revisions"}],"predecessor-version":[{"id":622,"href":"http:\/\/kochsiek.org\/blog\/wp-json\/wp\/v2\/posts\/620\/revisions\/622"}],"wp:attachment":[{"href":"http:\/\/kochsiek.org\/blog\/wp-json\/wp\/v2\/media?parent=620"}],"wp:term":[{"taxonomy":"category","embeddable":true,"href":"http:\/\/kochsiek.org\/blog\/wp-json\/wp\/v2\/categories?post=620"},{"taxonomy":"post_tag","embeddable":true,"href":"http:\/\/kochsiek.org\/blog\/wp-json\/wp\/v2\/tags?post=620"}],"curies":[{"name":"wp","href":"https:\/\/api.w.org\/{rel}","templated":true}]}}