{"id":490,"date":"2009-07-13T11:29:33","date_gmt":"2009-07-13T09:29:33","guid":{"rendered":"http:\/\/kochsiek.org\/blog\/?p=490"},"modified":"2009-08-16T21:04:34","modified_gmt":"2009-08-16T19:04:34","slug":"wahl-o-mat-fur-lage-teil-1","status":"publish","type":"post","link":"http:\/\/kochsiek.org\/blog\/2009\/07\/13\/wahl-o-mat-fur-lage-teil-1\/","title":{"rendered":"Wahl-O-Mat f\u00fcr Lage, Teil 1"},"content":{"rendered":"<p>Ganz so einfach ist es dann doch nicht. Ich werde nicht versuchen, hier den <a title=\"Bundestagswahl Wahl-O-Mat\" href=\"http:\/\/www.bpb.de\/methodik\/XQJYR3\" target=\"_blank\">Wahl-O-Mat<\/a> f\u00fcr die kommende Kommunalwahl zu erstellen. Aber versuchen, die Informationsbeschaffung etwas zu erleichtern, das will ich wohl tun. Das Studium der jeweiligen Programme muss jedoch jeder f\u00fcr sich selbst erledigen.<\/p>\n<p>Das Wahlprogramm der <a title=\"SPD Lage\" href=\"http:\/\/www.spd-lage.de\" target=\"_blank\">SPD<\/a> zur Kommunalwahl 2009 in Lage l\u00e4sst sich <a title=\"Wahlprogramm SPD Lage 2009\" href=\"http:\/\/www.spd-lage.de\/fileadmin\/user_upload\/PDF\/Wahlprogramm_2009_SPD_Lage.pdf\" target=\"_blank\">hier<\/a> als PDF Datei herunterladen.<br \/>\nIch muss zugeben, alle 17 Seiten (!!) habe ich mir jetzt nicht durchgelesen &#8230; werde sie mir aber mal unter&#8217;s Kopfkissen legen und schauen, ob sich mir erschlie\u00dft, was die SPD in Lage f\u00fcr meine Interessen tun m\u00f6chte.<\/p>\n<p>Die <a title=\"CDU Lage\" href=\"http:\/\/cdu-lage.datenbereich1.de\/html\/7_1\/startseite.htm\" target=\"_blank\">CDU<\/a> in Lage listet lieber in <a title=\"Wahlprogramm CDU Lage 2009\" href=\"http:\/\/cdu-lage.datenbereich1.de\/html\/110_1\/wahlprogramm-zur-kommunalwahl.htm\" target=\"_blank\">Stichpunkten<\/a> auf, wo der Schuh dr\u00fcckt und was dagegen zu tun ist. Vorneweg wird noch aufgez\u00e4hlt, was die Partei denn schon alles Gutes f\u00fcr Lage und seine B\u00fcrger getan hat. Oben dr\u00fcber noch einen flotten Spruch, schon ist es fertig, das Wahlprogramm.<\/p>\n<blockquote>\n<p style=\"text-align: left;\"><strong>Wahlprogramm zur Kommunalwahl<\/strong><\/p>\n<p style=\"text-align: left;\">B\u00fcrgerfreundlich und kompetent \u2013 wir handeln. CDU-Lage.<\/p>\n<p style=\"text-align: left;\">Das wurde erreicht:<\/p>\n<p style=\"text-align: left;\">B\u00fcrgerfreundliche Verwaltung<br \/>\n&#8211; B\u00fcrgerb\u00fcro 2006 er\u00f6ffnet<br \/>\n&#8211; M\u00fcllhotline unter 601-666 eingerichtet<br \/>\n&#8211; Regelm\u00e4\u00dfige B\u00fcrgermeistersprechstunden auch in den Ortsteilen<\/p>\n<p style=\"text-align: left;\">Imagegewinn f\u00fcr unsere Stadt<br \/>\n&#8211; Durch Verwaltungsreform mehr B\u00fcrgern\u00e4he (schlankere Verwaltung\/ B\u00fcrokratieabbau)<br \/>\n&#8211; Starke Vertretung in Lippe-Gremien durch unseren anerkannten B\u00fcrgermeister Christian Liebrecht<br \/>\n&#8211; Wir werden wieder gefragt (Kostensenkungsprogramm, Personalpolitik).<\/p>\n<p style=\"text-align: left;\">Schullandschaft<br \/>\n&#8211; Bau der neuen Grundschule in Kachtenhausen<br \/>\n&#8211; Schultausch von Realschule und Hauptschule<br \/>\n&#8211; Neubau\/Erweiterung am Schulzentrum Werreanger<br \/>\n&#8211; Grundsanierung der Freiligrathschule f\u00fcr zukunftsf\u00e4hige Hauptschule<\/p>\n<p style=\"text-align: left;\">Soziale Verantwortung<br \/>\n&#8211; Geb\u00fchren f\u00fcr Kindertagesst\u00e4tten sozialvertr\u00e4glich gestaltet<br \/>\n&#8211; Ausbau der Ganztagsbetreuung an den Schulen und Kindertagesst\u00e4tten umgesetzt<br \/>\n&#8211; Betreutes Wohnen gef\u00f6rdert<br \/>\n&#8211; Vereinswesen unterst\u00fctzt<\/p>\n<p style=\"text-align: left;\">Familienfreundliche Stadt<br \/>\n&#8211; Spielpl\u00e4tze in den Ortsteilen stetig verbessert<br \/>\n&#8211; Familiengerechte Baugebiete ausgewiesen<br \/>\n&#8211; Freib\u00e4der mit Hilfe der F\u00f6rdervereine erhalten<\/p>\n<p style=\"text-align: left;\">Ausbau der Verkehrswege<br \/>\n&#8211; Kreisverkehre geschaffen \u2013 Unfallschwerpunkte entsch\u00e4rft<br \/>\n&#8211; Ortsdurchfahrten Hagen und Heiden verbessert<br \/>\n&#8211; Planung der notwendigen Umgehungsstra\u00dfen (B66, B239) entscheidend vorangetrieben<\/p>\n<p style=\"text-align: left;\">Brandschutz und Rettungsdienst<br \/>\n&#8211; Feuerwehren modernisiert und neu motiviert (technische Ausstattung verbessert, Neubau in Pottenhausen, besondere F\u00f6rderung f\u00fcr den ehrenamtlichen Dienst)<\/p>\n<p style=\"text-align: left;\">Sicherheit und Ordnung<br \/>\n&#8211; Ordnungspartnerschaft zwischen der Polizei und dem Ordnungsamt ausgebaut<br \/>\n&#8211; Installation von bis jetzt acht Herz-Notfallger\u00e4ten (Defibrillatoren) im Stadtgebiet \u2013 vorbildlich in Lippe<br \/>\n&#8211; Aufschaltung der zentralen Rufnummer f\u00fcr den \u00e4rztlichen Notdienst: 6 99 99 35.<\/p>\n<p style=\"text-align: left;\">Wirtschaft und Arbeitspl\u00e4tze<br \/>\n&#8211; Aktive Wirtschaftsf\u00f6rderung eingerichtet<br \/>\n&#8211; St\u00e4dtische Immobilien gezielt vermarktet (Gewerbegebiet S\u00fclterheide, Wohngebiet Dahlienweg\/Kachtenhausen)<br \/>\n&#8211; Studie f\u00fcr Innenstadtentwicklung zeigt Perspektiven f\u00fcr Investoren und Handel auf<br \/>\n&#8211; Ausbildungsoffensive massiv unterst\u00fctzt<\/p>\n<p style=\"text-align: left;\">Dynamischer B\u00fcrgermeister Christian Liebrecht<br \/>\n&#8211; Umstellung auf eine betriebswirtschaftliche Haushaltsf\u00fchrung (Neues Kommunales Finanzmanagement &#8211; NKF) \u2013 zweite Kommune in Lippe<br \/>\n&#8211; Nachhaltiges Kostensenkungsprogramm eingef\u00fchrt, durchgef\u00fchrt und fortgeschrieben<br \/>\n&#8211; Dialogf\u00e4higkeit, B\u00fcrgern\u00e4he und Durchsetzungsverm\u00f6gen bewiesen<\/p>\n<p style=\"text-align: left;\">Das wollen wir:<\/p>\n<p style=\"text-align: left;\">Finanzen<br \/>\n&#8211; Herausforderungen der Wirtschaftskrise annehmen<br \/>\n&#8211; Kompetent und sozial f\u00fcr den Erhalt von Arbeits- und Ausbildungspl\u00e4tzen k\u00e4mpfen<\/p>\n<p style=\"text-align: left;\">Schule und Bildung<br \/>\n&#8211; Beschlossene Ma\u00dfnahmen der Konjunkturpakete konsequent umsetzen (energetische Modernisierung der Schulen sowie Steigerung der Attraktivit\u00e4t des Hallenbades)<br \/>\n&#8211; Festgelegtes Bauprogramm vor allem f\u00fcr Grundschulen und Kindertagesst\u00e4tten mit Nachdruck umsetzen<\/p>\n<p style=\"text-align: left;\">Stra\u00dfen- und Radwegebau<br \/>\n&#8211; Weiter f\u00fcr unsere Umgehungsstra\u00dfen energisch einsetzen \u2013 Lages Innenstadt braucht dringend eine verkehrliche Entlastung<br \/>\n&#8211; Tunnell\u00f6sung in Waddenhausen weiter favorisieren<br \/>\n&#8211; Radwegenetz ausbauen \u2013 Ortsteile anbinden<br \/>\n&#8211; Aktionsprogramm f\u00fcr \u201eB\u00fcrgerradwege\u201c starten<\/p>\n<p style=\"text-align: left;\">Stadtentwicklung<br \/>\n&#8211; Bedarfsgerechte Innenstadtplanung z\u00fcgig vorantreiben<br \/>\n&#8211; Industriebrachen einer angemessenen Nutzung zuf\u00fchren<br \/>\n&#8211; Ortsnahe Versorgung f\u00f6rdern<\/p>\n<p style=\"text-align: left;\">Ehrenamt<br \/>\n&#8211; Wir wollen Menschen f\u00fcr das unverzichtbare Ehrenamt interessieren und nach Kr\u00e4ften unterst\u00fctzen.<br \/>\n&#8211; Das Ehrenamt als Grundpfeiler unserer Gesellschaft st\u00e4rken<br \/>\n&#8211; Weitere F\u00f6rderung von Sport, Kultur und sozialen Einrichtungen<\/p>\n<p style=\"text-align: left;\">Familienfreundliche Stadt<br \/>\n&#8211; Mehr attraktive Angebote f\u00fcr Jugendliche<br \/>\n&#8211; Spielplatzangebot in der Innenstadt verbessern.<br \/>\n&#8211; Vernetzung der Generationen &#8211; Gegenseitiger Wissensaustausch von Jung und Alt<\/p>\n<p style=\"text-align: left;\">Sicherheit und Ordnung<br \/>\n&#8211; Weiterer Ausbau der Ordnungspartnerschaft<br \/>\n&#8211; Die gute Qualit\u00e4t unserer Freiwilligen Feuerwehr erhalten<br \/>\n&#8211; Rettungsdienst und \u00e4rztliche Versorgung in der Kernstadt und in den Ortsteilen optimieren<br \/>\n&#8211; Erscheinungsbild der Stadt weiter verbessern.<\/p>\n<p style=\"text-align: left;\">Ortsteile<br \/>\n&#8211; Ortsteile haben Zukunft.<br \/>\n&#8211; Jeder Ortsteil hat seinen eigenen Charakter \u2013 Dorfgemeinschaften und \u00f6rtliche Einrichtungen weiter f\u00f6rdern.<br \/>\n&#8211; Grundschulen und Kindertagesst\u00e4tten geh\u00f6ren in unsere Ortsteile und m\u00fcssen erhalten bleiben.<\/p>\n<p style=\"text-align: left;\">Soziale Verantwortung und Werte<br \/>\n&#8211; Gemeinsame Aufgabe f\u00fcr uns alle: Werte vermitteln f\u00fcr ein gutes Miteinander \u2013 daf\u00fcr stehen wir ein<br \/>\n&#8211; Verantwortungsvolle Integration durch Einbindung<br \/>\n&#8211; Menschen mit Behinderung brauchen ihre Chancen und haben unsere Unterst\u00fctzung<\/p>\n<p style=\"text-align: left;\">Unser B\u00fcrgermeister<br \/>\n&#8211; Kompetente und treffsichere Entscheidungen \u2013 kein Stillstand in unserer Stadt<br \/>\n&#8211; Ein B\u00fcrgermeister mit Ausstrahlung &#8211; Ansprechpartner f\u00fcr alle<br \/>\n&#8211; Mit Christian Liebrecht unsere Zukunft gestalten.<\/p>\n<p style=\"text-align: left;\">B\u00fcrgerfreundlich und kompetent \u2013 wir handeln. CDU.<\/p>\n<\/blockquote>\n<p>Wie viele Grundschulen sollen in Lage eigentlich noch gebaut werden? Wie viele haben wir eigentlich?<br \/>\nWaddenhausen soll allen Ernstes untertunnelt werden?<br \/>\nDas geplante Westcarree wird sch\u00f6n umschrieben mit <em>Industriebrachen einer angemessenen Nutzung zuf\u00fchren<\/em>. S\u00fc\u00df!<br \/>\nWas ist eigentlich eine Ordnungspartnerschaft? Und wieso soll die ausgebaut werden?<br \/>\nUnd wie das Erscheinungsbild der Stadt weiter verbessert werden kann &#8230; hmm, das schreit doch gradezu nach einer B\u00fcrgerbefragung mit Aufstellung eines Masterplans.<br \/>\nWobei ich auch nicht so ganz verstehen kann (will \/ muss \/ darf), was denn der Satz <em>Ortsteile haben Zukunft<\/em> unter der gro\u00dfen \u00dcberschrift <em>Das wollen wir<\/em> zu suchen hat. Aber daf\u00fcr bin ich wohl einfach noch zu jung.<\/p>\n<p>Was die <a title=\"BBL in Lage\" href=\"http:\/\/www.bbl-lage.de\/\" target=\"_blank\">BBL<\/a> in Lage als Wahlprogramm hat, kann ich leider nicht ohne Zweifel sagen. Auf den Internetseiten, die in Gestalt eines Blogs daherkommen, gibt es zumindest einen Eintrag unter der \u00dcberschrift &#8222;<a title=\"Wahlprogramm BBL Lage 2009\" href=\"http:\/\/bbl-lage.blogspot.com\/2009\/06\/bbl-lages-politische-kraft-was-wollen.html\" target=\"_blank\">Was wollen wir<\/a>?&#8220;<\/p>\n<blockquote>\n<p style=\"text-align: left;\"><strong>BBL &#8211; Lages politische Kraft<\/strong><\/p>\n<p style=\"text-align: left;\">Wir stehen f\u00fcr:<\/p>\n<ul style=\"text-align: left;\">\n<li>B\u00fcrgerfreundlichkeit und B\u00fcrgerbeteiligung<\/li>\n<li>\u00dcberparteilichkeit<\/li>\n<li>Offenheit und Transparenz<\/li>\n<li>Ehrlichkeit und Verantwortungsbewusstsein<\/li>\n<li>Interessenvertretung f\u00fcr die gesamte Stadt<\/li>\n<\/ul>\n<p style=\"text-align: left;\">Wir wollen:<\/p>\n<ul style=\"text-align: left;\">\n<li>die Entwicklung eines Leitbildes: nachhaltige Zukunftsplanung \u00fcber den Tag hinaus<\/li>\n<li>konsequentes Benennen und Angehen der Probleme, Schritt f\u00fcr Schritt<\/li>\n<li>Entscheidung nur nach Sachgesichtspunkten: Was ist gut f\u00fcr die gesamte Stadt Lage?<\/li>\n<li>Keine Orientierung an Einzelinteressen nach dem Motto: \u201eWer hat die besten Freunde in Rat und Verwaltung?\u201c<\/li>\n<\/ul>\n<p style=\"text-align: left;\">Wir sind gegen:<\/p>\n<ul style=\"text-align: left;\">\n<li>Beschl\u00fcsse in Hinterzimmern, Tagungen hinter verschlossenen T\u00fcren<\/li>\n<li>Entm\u00fcndigung der Bev\u00f6lkerung<\/li>\n<li style=\"text-align: left;\">Verschwendung von nat\u00fcrlichen Ressourcen<\/li>\n<\/ul>\n<\/blockquote>\n<p>Auch sehr sch\u00f6n &#8230; kurz, knapp, unpr\u00e4zise, allgemeing\u00fcltig &#8211; gerade so, wie man ein Wahlprogramm erwartet.<br \/>\nWenn es ein etwas ausf\u00fchrlicheres Programm gibt, wird das sowohl hier als auch im Blog der Partei ver\u00f6ffentlicht.<br \/>\nDie zu w\u00e4hlenden Direktkandidaten der einzelnen Wahlkreise sind <a title=\"Direktmandate BBL\" href=\"http:\/\/bbl-lage.blogspot.com\/2009\/07\/bbl-besetzung-der-wahlkreise_11.html\" target=\"_blank\">hier<\/a> aufgef\u00fchrt.<br \/>\nAuch die <a title=\"Reserveliste BBL\" href=\"http:\/\/bbl-lage.blogspot.com\/2009\/07\/vollstandige-reserveliste-bbl.html\" target=\"_blank\">Reserveliste<\/a> der BBL ist ver\u00f6ffentlicht worden.<\/p>\n<p>Von der FDP habe ich bisher noch keine Infos bekommen, ob ich deren Programm hier verlinken darf.<br \/>\nAuch von den Gr\u00fcnen hat sich noch niemand auf meine Anfrage zur Verlinkung gemeldet.<br \/>\nDie FWG hat ihr Programm zur Kommunalwahl noch nicht ver\u00f6ffentlicht und muss erst im Vorstand diskutieren, ob ich es &#8211; wenn es denn zur Verf\u00fcgung steht &#8211; hier verlinken darf.<\/p>\n<p>F\u00fcr das Einverst\u00e4ndnis der restlichen Parteien, die Programme hier verlinken zu d\u00fcrfen, bedanke ich mich an dieser Stelle recht herzlich.<\/p>\n<p>Alles in allem bin ich jetzt genau so schlau wie vorher.<\/p>\n<p>Muss ich zur Wahl wohl doch wieder meinen W\u00fcrfel mitnehmen.<\/p>\n<p><strong>(Update 14.07.2009 13:26 Uhr)<\/strong> Die FWG hat auch zur Verlinkung ihres Programms zugestimmt. Im <a title=\"Wahl-O-Mat f\u00fcr Lage, Teil 2\" href=\"http:\/\/kochsiek.org\/blog\/2009\/07\/13\/wahl-o-mat-fur-lage-teil-2\/\" target=\"_blank\">2. Teil<\/a> dieser Serie geht&#8217;s weiter.<\/p>\n<p><strong>(Update 16.08.2009 21:03 Uhr)<\/strong> Das Wahlprogramm der BBL gibt es mittlerweile <a title=\"Wahlprogramm BBL Lage 2009\" href=\"http:\/\/archiv.bbl-lage.de\/wahlprogramm2009.pdf\" target=\"_blank\">hier<\/a> zum runterladen.<\/p>\n","protected":false},"excerpt":{"rendered":"<p>Ganz so einfach ist es dann doch nicht. Ich werde nicht versuchen, hier den Wahl-O-Mat f\u00fcr die kommende Kommunalwahl zu erstellen. Aber versuchen, die Informationsbeschaffung etwas zu erleichtern, das will ich wohl tun. Das Studium der jeweiligen Programme muss jedoch &hellip; <a href=\"http:\/\/kochsiek.org\/blog\/2009\/07\/13\/wahl-o-mat-fur-lage-teil-1\/\">Weiterlesen <span class=\"meta-nav\">&rarr;<\/span><\/a><\/p>\n","protected":false},"author":2,"featured_media":0,"comment_status":"open","ping_status":"open","sticky":false,"template":"","format":"standard","meta":{"ngg_post_thumbnail":0,"footnotes":""},"categories":[32,162],"tags":[7,227,226,231,207,137],"jetpack_sharing_enabled":true,"jetpack_featured_media_url":"","_links":{"self":[{"href":"http:\/\/kochsiek.org\/blog\/wp-json\/wp\/v2\/posts\/490"}],"collection":[{"href":"http:\/\/kochsiek.org\/blog\/wp-json\/wp\/v2\/posts"}],"about":[{"href":"http:\/\/kochsiek.org\/blog\/wp-json\/wp\/v2\/types\/post"}],"author":[{"embeddable":true,"href":"http:\/\/kochsiek.org\/blog\/wp-json\/wp\/v2\/users\/2"}],"replies":[{"embeddable":true,"href":"http:\/\/kochsiek.org\/blog\/wp-json\/wp\/v2\/comments?post=490"}],"version-history":[{"count":25,"href":"http:\/\/kochsiek.org\/blog\/wp-json\/wp\/v2\/posts\/490\/revisions"}],"predecessor-version":[{"id":571,"href":"http:\/\/kochsiek.org\/blog\/wp-json\/wp\/v2\/posts\/490\/revisions\/571"}],"wp:attachment":[{"href":"http:\/\/kochsiek.org\/blog\/wp-json\/wp\/v2\/media?parent=490"}],"wp:term":[{"taxonomy":"category","embeddable":true,"href":"http:\/\/kochsiek.org\/blog\/wp-json\/wp\/v2\/categories?post=490"},{"taxonomy":"post_tag","embeddable":true,"href":"http:\/\/kochsiek.org\/blog\/wp-json\/wp\/v2\/tags?post=490"}],"curies":[{"name":"wp","href":"https:\/\/api.w.org\/{rel}","templated":true}]}}