{"id":449,"date":"2009-07-02T16:15:45","date_gmt":"2009-07-02T14:15:45","guid":{"rendered":"http:\/\/kochsiek.org\/blog\/?p=449"},"modified":"2009-07-02T16:15:45","modified_gmt":"2009-07-02T14:15:45","slug":"stuhlgang","status":"publish","type":"post","link":"http:\/\/kochsiek.org\/blog\/2009\/07\/02\/stuhlgang\/","title":{"rendered":"Stuhlgang"},"content":{"rendered":"<p>Die Aula des Schulzentrum Werreanger soll neu bestuhlt werden. Das ist im Grunde nichts Verwerfliches, man k\u00f6nnte sogar fragen, weshalb in den 34 Jahren, die die aktuellen St\u00fchle dort bereits stehen, noch niemand fr\u00fcher auf die Idee gekommen ist. Meine Grundhaltung zu dieser Entscheidung ist also schon mal positiv, zumal ich mich da auch auf der ein oder anderen Ratsversammlung rumtreibe. Gut gesessen habe ich auf den alten, blauen St\u00fchlen bisher immer gut, bin aber auch gerne bereit zu sagen, dass etwas Neues der Aula sicherlich gut tun w\u00fcrde.<\/p>\n<p>Worum es mir aber geht, sind die Kosten dieser Unternehmung.<\/p>\n<p>Fachbereichsleiter Klaus Landrock sagte j\u00fcngst in der Ratsitzung, in der die &#8211; wohlgemerkt: ausserplanm\u00e4\u00dfige &#8211; Anschaffung beschlossen wurde, dass mit Kosten von 200,- bis 250,- Euro pro Stuhl zu rechnen sei.<\/p>\n<p>Das l\u00e4uft auf Gesamtkosten (nur f\u00fcr die Bestuhlung) von 140.000,- Euro hinaus. Das w\u00e4ren 560 bis 700 St\u00fchle (da hat einer aber ziemlich grob gesch\u00e4tzt). Zus\u00e4tzliche Kosten in H\u00f6he von 90.000,- Euro werden noch f\u00fcr weitere Umbauma\u00dfnahmen (was auch immer sich dahinter verstecken wird) erwartet.<\/p>\n<p>Bald gehe ich auch in die Politik &#8230; \u00fcber Gelder entscheiden, die nicht die eigenen sind, scheint ganz einfach von der Hand zu gehen.<\/p>\n<p>Alleine der Ansatz &#8222;200 bis 250 Euro pro Stuhl&#8220; l\u00e4sst schon tief blicken. Wenn man schon so etwas im Rat vorstellt, warum dann nicht gleich mit konkreteren Zahlen. Wieviele St\u00fchle in die Aula passen sollen, m\u00fcsste doch bekannt sein. Und einen Preis daf\u00fcr sollte man auch recht zweifelsfrei nennen k\u00f6nnen. Wenn ich irgendwo 600 St\u00fchle bestelle, dann habe ich sicherlich auch die M\u00f6glichkeit, einen Preis in Erfahrung zu bringen, der auch gehalten werden kann &#8211; selbst wenn es daf\u00fcr wahrscheinlich erst noch ein europaweites Ausschreibungsverfahren geben muss.<\/p>\n<p>Mich w\u00fcrde mal interessieren, was passiert, wenn ich als Privatperson zu einer M\u00f6belfirma gehe und sage &#8222;Ich h\u00e4tte gerne 600 St\u00fchle f\u00fcr meinen privaten Saal. Wie viel werden die kosten?&#8220; &#8230; und am n\u00e4chsten Tag geht ein Kumpel zur selben Firma und sagt &#8222;Ich h\u00e4tte gern 600 St\u00fchle f\u00fcr unsere \u00f6ffentliche Schul-Aula. Die Stadt wird bezahlen. Wie viel werden die kosten?&#8220;.<\/p>\n<p>Und weshalb \u00fcberhaupt ausserplanm\u00e4\u00dfig? W\u00e4re es in Zeiten des knappen Geldes nicht auch noch ein oder zwei Jahre mit den alten St\u00fchlen gegangen? So desolat kommen die mir n\u00e4mlich auch nicht vor. Die Aussage von Herrn Landrock<\/p>\n<blockquote><p>Jeder zweite Stuhl ist defekt.<\/p><\/blockquote>\n<p>kann ich nicht so ganz nachvollziehen. Es sei denn, die defekte H\u00e4lfte der St\u00fchle steht immer hinter dem Vorhang auf der B\u00fchne, wenn ich mal in der Aula bin.<\/p>\n<p>140.000,- Euro sind bei knapper Kasse schon eine Hausnummer, die mal so eben vom Rat durchgewinkt werden. Wenn ich auf der n\u00e4chsten Ratsitzung als Zuschauer nicht in einem Ledersessel mit Becherhalter und Massagefunktion sitze, dann wei\u00df ich nicht, wo die ganze Kohle hin ist.<\/p>\n","protected":false},"excerpt":{"rendered":"<p>Die Aula des Schulzentrum Werreanger soll neu bestuhlt werden. Das ist im Grunde nichts Verwerfliches, man k\u00f6nnte sogar fragen, weshalb in den 34 Jahren, die die aktuellen St\u00fchle dort bereits stehen, noch niemand fr\u00fcher auf die Idee gekommen ist. Meine &hellip; <a href=\"http:\/\/kochsiek.org\/blog\/2009\/07\/02\/stuhlgang\/\">Weiterlesen <span class=\"meta-nav\">&rarr;<\/span><\/a><\/p>\n","protected":false},"author":2,"featured_media":0,"comment_status":"open","ping_status":"open","sticky":false,"template":"","format":"standard","meta":{"ngg_post_thumbnail":0,"footnotes":""},"categories":[32,162],"tags":[179,182,180,181],"jetpack_sharing_enabled":true,"jetpack_featured_media_url":"","_links":{"self":[{"href":"http:\/\/kochsiek.org\/blog\/wp-json\/wp\/v2\/posts\/449"}],"collection":[{"href":"http:\/\/kochsiek.org\/blog\/wp-json\/wp\/v2\/posts"}],"about":[{"href":"http:\/\/kochsiek.org\/blog\/wp-json\/wp\/v2\/types\/post"}],"author":[{"embeddable":true,"href":"http:\/\/kochsiek.org\/blog\/wp-json\/wp\/v2\/users\/2"}],"replies":[{"embeddable":true,"href":"http:\/\/kochsiek.org\/blog\/wp-json\/wp\/v2\/comments?post=449"}],"version-history":[{"count":6,"href":"http:\/\/kochsiek.org\/blog\/wp-json\/wp\/v2\/posts\/449\/revisions"}],"predecessor-version":[{"id":545,"href":"http:\/\/kochsiek.org\/blog\/wp-json\/wp\/v2\/posts\/449\/revisions\/545"}],"wp:attachment":[{"href":"http:\/\/kochsiek.org\/blog\/wp-json\/wp\/v2\/media?parent=449"}],"wp:term":[{"taxonomy":"category","embeddable":true,"href":"http:\/\/kochsiek.org\/blog\/wp-json\/wp\/v2\/categories?post=449"},{"taxonomy":"post_tag","embeddable":true,"href":"http:\/\/kochsiek.org\/blog\/wp-json\/wp\/v2\/tags?post=449"}],"curies":[{"name":"wp","href":"https:\/\/api.w.org\/{rel}","templated":true}]}}