{"id":4222,"date":"2021-08-24T13:04:53","date_gmt":"2021-08-24T11:04:53","guid":{"rendered":"http:\/\/kochsiek.org\/blog\/?p=4222"},"modified":"2021-08-24T13:17:24","modified_gmt":"2021-08-24T11:17:24","slug":"stimmzettel-zur-bundestagswahl-am-26-09-2021-im-wahlkreis-135-lippe-i","status":"publish","type":"post","link":"http:\/\/kochsiek.org\/blog\/2021\/08\/24\/stimmzettel-zur-bundestagswahl-am-26-09-2021-im-wahlkreis-135-lippe-i\/","title":{"rendered":"Stimmzettel zur Bundestagswahl am 26.09.2021 im Wahlkreis 135 \u2013 Lippe I"},"content":{"rendered":"<p>Am 26. September 2021 sind die vier Jahre mal wieder rum. Hier wieder f\u00fcr alle Interessierten, der Stimmzettel f\u00fcr den Wahlkreis 135 &#8211; Lippe I.<\/p>\n<p><a href=\"http:\/\/kochsiek.org\/blog\/wp-content\/uploads\/2021\/08\/2021.09.26_stimmzettel_bundestagswahl_web-scaled.jpg\"><img loading=\"lazy\" decoding=\"async\" class=\"aligncenter size-full wp-image-4221\" src=\"http:\/\/kochsiek.org\/blog\/wp-content\/uploads\/2021\/08\/2021.09.26_stimmzettel_bundestagswahl_web-scaled.jpg\" alt=\"\" width=\"813\" height=\"2560\" srcset=\"http:\/\/kochsiek.org\/blog\/wp-content\/uploads\/2021\/08\/2021.09.26_stimmzettel_bundestagswahl_web-scaled.jpg 813w, http:\/\/kochsiek.org\/blog\/wp-content\/uploads\/2021\/08\/2021.09.26_stimmzettel_bundestagswahl_web-95x300.jpg 95w, http:\/\/kochsiek.org\/blog\/wp-content\/uploads\/2021\/08\/2021.09.26_stimmzettel_bundestagswahl_web-325x1024.jpg 325w, http:\/\/kochsiek.org\/blog\/wp-content\/uploads\/2021\/08\/2021.09.26_stimmzettel_bundestagswahl_web-768x2419.jpg 768w, http:\/\/kochsiek.org\/blog\/wp-content\/uploads\/2021\/08\/2021.09.26_stimmzettel_bundestagswahl_web-488x1536.jpg 488w, http:\/\/kochsiek.org\/blog\/wp-content\/uploads\/2021\/08\/2021.09.26_stimmzettel_bundestagswahl_web-650x2048.jpg 650w\" sizes=\"(max-width: 813px) 100vw, 813px\" \/><\/a>Die Ergebnisse k\u00f6nnen wie immer live verfolgt werden auf den Seiten des <a href=\"https:\/\/wahl.krz.de\/\" target=\"_blank\" rel=\"noopener\">Kommunalen Rechenzentrums Minden\/Ravensberg-Lippe<\/a> (KRZ).<\/p>\n","protected":false},"excerpt":{"rendered":"<p>Am 26. September 2021 sind die vier Jahre mal wieder rum. Hier wieder f\u00fcr alle Interessierten, der Stimmzettel f\u00fcr den Wahlkreis 135 &#8211; Lippe I. Die Ergebnisse k\u00f6nnen wie immer live verfolgt werden auf den Seiten des Kommunalen Rechenzentrums Minden\/Ravensberg-Lippe &hellip; <a href=\"http:\/\/kochsiek.org\/blog\/2021\/08\/24\/stimmzettel-zur-bundestagswahl-am-26-09-2021-im-wahlkreis-135-lippe-i\/\">Weiterlesen <span class=\"meta-nav\">&rarr;<\/span><\/a><\/p>\n","protected":false},"author":2,"featured_media":0,"comment_status":"open","ping_status":"open","sticky":false,"template":"","format":"standard","meta":{"ngg_post_thumbnail":0,"footnotes":""},"categories":[639,162],"tags":[2008,2009,408,2011,2010,2002,313,585,2012,383,2013,1927,587,586],"jetpack_sharing_enabled":true,"jetpack_featured_media_url":"","_links":{"self":[{"href":"http:\/\/kochsiek.org\/blog\/wp-json\/wp\/v2\/posts\/4222"}],"collection":[{"href":"http:\/\/kochsiek.org\/blog\/wp-json\/wp\/v2\/posts"}],"about":[{"href":"http:\/\/kochsiek.org\/blog\/wp-json\/wp\/v2\/types\/post"}],"author":[{"embeddable":true,"href":"http:\/\/kochsiek.org\/blog\/wp-json\/wp\/v2\/users\/2"}],"replies":[{"embeddable":true,"href":"http:\/\/kochsiek.org\/blog\/wp-json\/wp\/v2\/comments?post=4222"}],"version-history":[{"count":1,"href":"http:\/\/kochsiek.org\/blog\/wp-json\/wp\/v2\/posts\/4222\/revisions"}],"predecessor-version":[{"id":4223,"href":"http:\/\/kochsiek.org\/blog\/wp-json\/wp\/v2\/posts\/4222\/revisions\/4223"}],"wp:attachment":[{"href":"http:\/\/kochsiek.org\/blog\/wp-json\/wp\/v2\/media?parent=4222"}],"wp:term":[{"taxonomy":"category","embeddable":true,"href":"http:\/\/kochsiek.org\/blog\/wp-json\/wp\/v2\/categories?post=4222"},{"taxonomy":"post_tag","embeddable":true,"href":"http:\/\/kochsiek.org\/blog\/wp-json\/wp\/v2\/tags?post=4222"}],"curies":[{"name":"wp","href":"https:\/\/api.w.org\/{rel}","templated":true}]}}