{"id":4208,"date":"2019-05-04T23:43:25","date_gmt":"2019-05-04T21:43:25","guid":{"rendered":"http:\/\/kochsiek.org\/blog\/?p=4208"},"modified":"2021-08-24T12:53:32","modified_gmt":"2021-08-24T10:53:32","slug":"wahl-am-26-05-2019-buergermeister-fuer-lage","status":"publish","type":"post","link":"http:\/\/kochsiek.org\/blog\/2019\/05\/04\/wahl-am-26-05-2019-buergermeister-fuer-lage\/","title":{"rendered":"Wahl am 26.05.2019 \u2013 B\u00fcrgermeister f\u00fcr Lage"},"content":{"rendered":"<p>Im Gegensatz zum <a href=\"\/blog\/2015\/08\/21\/wahl-am-13-09-2015-buergermeister-fuer-lage-landrat-fuer-lippe\/\">letzten Mal<\/a> ist die Auswahl bei der kommenden B\u00fcrgermeisterwahl in Lage am 26. Mai 2019 (parallel zur Wahl des Europ\u00e4ischen Parlaments) \u00fcberw\u00e4ltigend.<\/p>\n<p>Hier zur Info der Stimmzettel f\u00fcr alle Interessierten.<\/p>\n<p><a href=\"http:\/\/kochsiek.org\/blog\/wp-content\/uploads\/2019\/05\/2019.05.26_stimmzettel_buergermeisterwahl_lage_web-1.jpg\"><img loading=\"lazy\" decoding=\"async\" class=\"aligncenter wp-image-4211 size-large\" src=\"http:\/\/kochsiek.org\/blog\/wp-content\/uploads\/2019\/05\/2019.05.26_stimmzettel_buergermeisterwahl_lage_web-1-1024x955.jpg\" alt=\"\" width=\"640\" height=\"597\" srcset=\"http:\/\/kochsiek.org\/blog\/wp-content\/uploads\/2019\/05\/2019.05.26_stimmzettel_buergermeisterwahl_lage_web-1-1024x955.jpg 1024w, http:\/\/kochsiek.org\/blog\/wp-content\/uploads\/2019\/05\/2019.05.26_stimmzettel_buergermeisterwahl_lage_web-1-300x280.jpg 300w, http:\/\/kochsiek.org\/blog\/wp-content\/uploads\/2019\/05\/2019.05.26_stimmzettel_buergermeisterwahl_lage_web-1-768x716.jpg 768w, http:\/\/kochsiek.org\/blog\/wp-content\/uploads\/2019\/05\/2019.05.26_stimmzettel_buergermeisterwahl_lage_web-1.jpg 1250w\" sizes=\"(max-width: 640px) 100vw, 640px\" \/><\/a><\/p>\n","protected":false},"excerpt":{"rendered":"<p>Im Gegensatz zum letzten Mal ist die Auswahl bei der kommenden B\u00fcrgermeisterwahl in Lage am 26. Mai 2019 (parallel zur Wahl des Europ\u00e4ischen Parlaments) \u00fcberw\u00e4ltigend. Hier zur Info der Stimmzettel f\u00fcr alle Interessierten.<\/p>\n","protected":false},"author":2,"featured_media":0,"comment_status":"open","ping_status":"open","sticky":false,"template":"","format":"standard","meta":{"ngg_post_thumbnail":0,"footnotes":""},"categories":[32,639,162],"tags":[2006,272,382,313,383],"jetpack_sharing_enabled":true,"jetpack_featured_media_url":"","_links":{"self":[{"href":"http:\/\/kochsiek.org\/blog\/wp-json\/wp\/v2\/posts\/4208"}],"collection":[{"href":"http:\/\/kochsiek.org\/blog\/wp-json\/wp\/v2\/posts"}],"about":[{"href":"http:\/\/kochsiek.org\/blog\/wp-json\/wp\/v2\/types\/post"}],"author":[{"embeddable":true,"href":"http:\/\/kochsiek.org\/blog\/wp-json\/wp\/v2\/users\/2"}],"replies":[{"embeddable":true,"href":"http:\/\/kochsiek.org\/blog\/wp-json\/wp\/v2\/comments?post=4208"}],"version-history":[{"count":3,"href":"http:\/\/kochsiek.org\/blog\/wp-json\/wp\/v2\/posts\/4208\/revisions"}],"predecessor-version":[{"id":4220,"href":"http:\/\/kochsiek.org\/blog\/wp-json\/wp\/v2\/posts\/4208\/revisions\/4220"}],"wp:attachment":[{"href":"http:\/\/kochsiek.org\/blog\/wp-json\/wp\/v2\/media?parent=4208"}],"wp:term":[{"taxonomy":"category","embeddable":true,"href":"http:\/\/kochsiek.org\/blog\/wp-json\/wp\/v2\/categories?post=4208"},{"taxonomy":"post_tag","embeddable":true,"href":"http:\/\/kochsiek.org\/blog\/wp-json\/wp\/v2\/tags?post=4208"}],"curies":[{"name":"wp","href":"https:\/\/api.w.org\/{rel}","templated":true}]}}