{"id":4201,"date":"2019-05-04T00:09:37","date_gmt":"2019-05-03T22:09:37","guid":{"rendered":"http:\/\/kochsiek.org\/blog\/?p=4201"},"modified":"2019-05-04T00:12:17","modified_gmt":"2019-05-03T22:12:17","slug":"stimmzettel-zur-europawahl-am-26-mai-2019","status":"publish","type":"post","link":"http:\/\/kochsiek.org\/blog\/2019\/05\/04\/stimmzettel-zur-europawahl-am-26-mai-2019\/","title":{"rendered":"Stimmzettel zur Europawahl am 26. Mai 2019"},"content":{"rendered":"<p>Aus aktuellem Anlass <a href=\"\/?s=stimmzettel\">mal wieder<\/a> &#8230; der Stimmzettel zur Europawahl am 26.05.2019 (hier: NRW).<\/p>\n<p>Wer&#8217;s gern direkt etwas gr\u00f6\u00dfer haben m\u00f6chte, klickt bitte <a href=\"http:\/\/kochsiek.org\/blog\/wp-content\/uploads\/2019\/05\/2019.05.26_stimmzettel_europawahl_web.jpg\" target=\"_blank\" rel=\"noopener noreferrer\">hier<\/a>!<\/p>\n<p><a href=\"http:\/\/kochsiek.org\/blog\/wp-content\/uploads\/2019\/05\/2019.05.26_stimmzettel_europawahl_web.jpg\"><img loading=\"lazy\" decoding=\"async\" class=\"aligncenter wp-image-4202 size-large\" src=\"http:\/\/kochsiek.org\/blog\/wp-content\/uploads\/2019\/05\/2019.05.26_stimmzettel_europawahl_web-230x1024.jpg\" alt=\"\" width=\"230\" height=\"1024\"><\/a><\/p>\n","protected":false},"excerpt":{"rendered":"<p>Aus aktuellem Anlass mal wieder &#8230; der Stimmzettel zur Europawahl am 26.05.2019 (hier: NRW). Wer&#8217;s gern direkt etwas gr\u00f6\u00dfer haben m\u00f6chte, klickt bitte hier!<\/p>\n","protected":false},"author":2,"featured_media":0,"comment_status":"open","ping_status":"open","sticky":false,"template":"","format":"standard","meta":{"ngg_post_thumbnail":0,"footnotes":""},"categories":[32,639,162],"tags":[2006,2007,1942,382,313,1939,255,383,838,587,586],"jetpack_sharing_enabled":true,"jetpack_featured_media_url":"","_links":{"self":[{"href":"http:\/\/kochsiek.org\/blog\/wp-json\/wp\/v2\/posts\/4201"}],"collection":[{"href":"http:\/\/kochsiek.org\/blog\/wp-json\/wp\/v2\/posts"}],"about":[{"href":"http:\/\/kochsiek.org\/blog\/wp-json\/wp\/v2\/types\/post"}],"author":[{"embeddable":true,"href":"http:\/\/kochsiek.org\/blog\/wp-json\/wp\/v2\/users\/2"}],"replies":[{"embeddable":true,"href":"http:\/\/kochsiek.org\/blog\/wp-json\/wp\/v2\/comments?post=4201"}],"version-history":[{"count":5,"href":"http:\/\/kochsiek.org\/blog\/wp-json\/wp\/v2\/posts\/4201\/revisions"}],"predecessor-version":[{"id":4207,"href":"http:\/\/kochsiek.org\/blog\/wp-json\/wp\/v2\/posts\/4201\/revisions\/4207"}],"wp:attachment":[{"href":"http:\/\/kochsiek.org\/blog\/wp-json\/wp\/v2\/media?parent=4201"}],"wp:term":[{"taxonomy":"category","embeddable":true,"href":"http:\/\/kochsiek.org\/blog\/wp-json\/wp\/v2\/categories?post=4201"},{"taxonomy":"post_tag","embeddable":true,"href":"http:\/\/kochsiek.org\/blog\/wp-json\/wp\/v2\/tags?post=4201"}],"curies":[{"name":"wp","href":"https:\/\/api.w.org\/{rel}","templated":true}]}}