{"id":4188,"date":"2017-08-20T23:17:37","date_gmt":"2017-08-20T21:17:37","guid":{"rendered":"http:\/\/kochsiek.org\/blog\/?p=4188"},"modified":"2017-08-20T23:17:37","modified_gmt":"2017-08-20T21:17:37","slug":"stimmzettel-zur-bundestagswahl-am-24-09-2017-im-wahlkreis-135-lippe-i","status":"publish","type":"post","link":"http:\/\/kochsiek.org\/blog\/2017\/08\/20\/stimmzettel-zur-bundestagswahl-am-24-09-2017-im-wahlkreis-135-lippe-i\/","title":{"rendered":"Stimmzettel zur Bundestagswahl am 24.09.2017 im Wahlkreis 135 \u2013 Lippe I"},"content":{"rendered":"<p>Am 24. September 2017 sind die vier Jahre <a href=\"http:\/\/kochsiek.org\/blog\/2013\/08\/28\/stimmzettel-der-bundestagswahl-2013-wahlkreis-135-lippe-i\/\">mal wieder rum<\/a>. Hier wieder f\u00fcr alle Interessierten, der Stimmzettel f\u00fcr den Wahlkreis 135 &#8211; Lippe I.<\/p>\n<p><a href=\"http:\/\/kochsiek.org\/blog\/wp-content\/uploads\/2017\/08\/Stimmzettel_Bundestagswahl_2017.09.24_Wahlkreis_135_Lippe_I.jpg\"><img loading=\"lazy\" decoding=\"async\" class=\"aligncenter size-full wp-image-4187\" src=\"http:\/\/kochsiek.org\/blog\/wp-content\/uploads\/2017\/08\/Stimmzettel_Bundestagswahl_2017.09.24_Wahlkreis_135_Lippe_I.jpg\" alt=\"\" width=\"2490\" height=\"6712\" srcset=\"http:\/\/kochsiek.org\/blog\/wp-content\/uploads\/2017\/08\/Stimmzettel_Bundestagswahl_2017.09.24_Wahlkreis_135_Lippe_I.jpg 2490w, http:\/\/kochsiek.org\/blog\/wp-content\/uploads\/2017\/08\/Stimmzettel_Bundestagswahl_2017.09.24_Wahlkreis_135_Lippe_I-111x300.jpg 111w, http:\/\/kochsiek.org\/blog\/wp-content\/uploads\/2017\/08\/Stimmzettel_Bundestagswahl_2017.09.24_Wahlkreis_135_Lippe_I-768x2070.jpg 768w, http:\/\/kochsiek.org\/blog\/wp-content\/uploads\/2017\/08\/Stimmzettel_Bundestagswahl_2017.09.24_Wahlkreis_135_Lippe_I-380x1024.jpg 380w\" sizes=\"(max-width: 2490px) 100vw, 2490px\" \/><\/a>Die Ergebnisse k\u00f6nnen wie immer live verfolgt werden auf den Seiten des <a href=\"http:\/\/wahl.krz.de\/bw2017\/html5krz\/index.html\">Kommunalen Rechenzentrums Minden\/Ravensberg-Lippe<\/a> (KRZ).<\/p>\n","protected":false},"excerpt":{"rendered":"<p>Am 24. September 2017 sind die vier Jahre mal wieder rum. Hier wieder f\u00fcr alle Interessierten, der Stimmzettel f\u00fcr den Wahlkreis 135 &#8211; Lippe I. Die Ergebnisse k\u00f6nnen wie immer live verfolgt werden auf den Seiten des Kommunalen Rechenzentrums Minden\/Ravensberg-Lippe &hellip; <a href=\"http:\/\/kochsiek.org\/blog\/2017\/08\/20\/stimmzettel-zur-bundestagswahl-am-24-09-2017-im-wahlkreis-135-lippe-i\/\">Weiterlesen <span class=\"meta-nav\">&rarr;<\/span><\/a><\/p>\n","protected":false},"author":2,"featured_media":0,"comment_status":"open","ping_status":"open","sticky":false,"template":"","format":"standard","meta":{"ngg_post_thumbnail":0,"footnotes":""},"categories":[639,162],"tags":[1997,2001,408,2003,2002,313,585,383,2004,582,2005,1927,587,586],"jetpack_sharing_enabled":true,"jetpack_featured_media_url":"","_links":{"self":[{"href":"http:\/\/kochsiek.org\/blog\/wp-json\/wp\/v2\/posts\/4188"}],"collection":[{"href":"http:\/\/kochsiek.org\/blog\/wp-json\/wp\/v2\/posts"}],"about":[{"href":"http:\/\/kochsiek.org\/blog\/wp-json\/wp\/v2\/types\/post"}],"author":[{"embeddable":true,"href":"http:\/\/kochsiek.org\/blog\/wp-json\/wp\/v2\/users\/2"}],"replies":[{"embeddable":true,"href":"http:\/\/kochsiek.org\/blog\/wp-json\/wp\/v2\/comments?post=4188"}],"version-history":[{"count":2,"href":"http:\/\/kochsiek.org\/blog\/wp-json\/wp\/v2\/posts\/4188\/revisions"}],"predecessor-version":[{"id":4190,"href":"http:\/\/kochsiek.org\/blog\/wp-json\/wp\/v2\/posts\/4188\/revisions\/4190"}],"wp:attachment":[{"href":"http:\/\/kochsiek.org\/blog\/wp-json\/wp\/v2\/media?parent=4188"}],"wp:term":[{"taxonomy":"category","embeddable":true,"href":"http:\/\/kochsiek.org\/blog\/wp-json\/wp\/v2\/categories?post=4188"},{"taxonomy":"post_tag","embeddable":true,"href":"http:\/\/kochsiek.org\/blog\/wp-json\/wp\/v2\/tags?post=4188"}],"curies":[{"name":"wp","href":"https:\/\/api.w.org\/{rel}","templated":true}]}}