{"id":4182,"date":"2017-06-17T22:54:47","date_gmt":"2017-06-17T20:54:47","guid":{"rendered":"http:\/\/kochsiek.org\/blog\/?p=4182"},"modified":"2017-06-17T22:54:47","modified_gmt":"2017-06-17T20:54:47","slug":"michael-bueker-neuer-schuetzenkoenig-2017-in-lage","status":"publish","type":"post","link":"http:\/\/kochsiek.org\/blog\/2017\/06\/17\/michael-bueker-neuer-schuetzenkoenig-2017-in-lage\/","title":{"rendered":"Michael B\u00fcker neuer Sch\u00fctzenk\u00f6nig 2017 in Lage"},"content":{"rendered":"<p>Die Gilde hat einen neuen K\u00f6nig.<br \/>\nMichael (I.) B\u00fcker aus der 3. Kompanie w\u00e4hlte Julia (I.) Gr\u00fcnert als seine K\u00f6nigin.<\/p>\n<p>Mehr dazu gibt&#8217;s auf den Seiten der <a href=\"http:\/\/www.schuetzengilde-lage.de\">Sch\u00fctzengilde<\/a> sowie bei <a href=\"https:\/\/www.facebook.com\/SchuetzengildeLage\">Facebook<\/a>.<\/p>\n","protected":false},"excerpt":{"rendered":"<p>Die Gilde hat einen neuen K\u00f6nig. Michael (I.) B\u00fcker aus der 3. Kompanie w\u00e4hlte Julia (I.) Gr\u00fcnert als seine K\u00f6nigin. Mehr dazu gibt&#8217;s auf den Seiten der Sch\u00fctzengilde sowie bei Facebook.<\/p>\n","protected":false},"author":2,"featured_media":0,"comment_status":"open","ping_status":"open","sticky":false,"template":"","format":"standard","meta":{"ngg_post_thumbnail":0,"footnotes":""},"categories":[32,50],"tags":[1928,382,1989,146,144,1977],"jetpack_sharing_enabled":true,"jetpack_featured_media_url":"","_links":{"self":[{"href":"http:\/\/kochsiek.org\/blog\/wp-json\/wp\/v2\/posts\/4182"}],"collection":[{"href":"http:\/\/kochsiek.org\/blog\/wp-json\/wp\/v2\/posts"}],"about":[{"href":"http:\/\/kochsiek.org\/blog\/wp-json\/wp\/v2\/types\/post"}],"author":[{"embeddable":true,"href":"http:\/\/kochsiek.org\/blog\/wp-json\/wp\/v2\/users\/2"}],"replies":[{"embeddable":true,"href":"http:\/\/kochsiek.org\/blog\/wp-json\/wp\/v2\/comments?post=4182"}],"version-history":[{"count":1,"href":"http:\/\/kochsiek.org\/blog\/wp-json\/wp\/v2\/posts\/4182\/revisions"}],"predecessor-version":[{"id":4183,"href":"http:\/\/kochsiek.org\/blog\/wp-json\/wp\/v2\/posts\/4182\/revisions\/4183"}],"wp:attachment":[{"href":"http:\/\/kochsiek.org\/blog\/wp-json\/wp\/v2\/media?parent=4182"}],"wp:term":[{"taxonomy":"category","embeddable":true,"href":"http:\/\/kochsiek.org\/blog\/wp-json\/wp\/v2\/categories?post=4182"},{"taxonomy":"post_tag","embeddable":true,"href":"http:\/\/kochsiek.org\/blog\/wp-json\/wp\/v2\/tags?post=4182"}],"curies":[{"name":"wp","href":"https:\/\/api.w.org\/{rel}","templated":true}]}}