{"id":3695,"date":"2011-09-30T09:12:56","date_gmt":"2011-09-30T07:12:56","guid":{"rendered":"http:\/\/kochsiek.org\/blog\/?p=3695"},"modified":"2011-09-30T09:12:56","modified_gmt":"2011-09-30T07:12:56","slug":"mcdonalds-eroffnung-in-lage-heute-ab-1200-uhr","status":"publish","type":"post","link":"http:\/\/kochsiek.org\/blog\/2011\/09\/30\/mcdonalds-eroffnung-in-lage-heute-ab-1200-uhr\/","title":{"rendered":"McDonald&#8217;s Er\u00f6ffnung in Lage heute ab 12:00 Uhr"},"content":{"rendered":"<p>Laut Pressemeldungen geht es heute Mittag ab 12 Uhr an der Stauffenbergstra\u00dfe in Lage los &#8211; allerdings mit einer leisen Er\u00f6ffnung: Von jetzt auf gleich nimmt das neue McDonald&#8217;s Restaurant seinen Betrieb auf.<\/p>\n<p>In Zukunft werden die \u00d6ffnungszeiten Mo-Do von 7 bis 1 Uhr sein, Freitag und Samstags von 7 bis 5 Uhr sowie Sonntags von 8 bis 1 Uhr sein. Gefr\u00fchst\u00fcckt werden kann u.a. auch im McCaf\u00e9 von 7 bis 10.30 Uhr.<\/p>\n","protected":false},"excerpt":{"rendered":"<p>Laut Pressemeldungen geht es heute Mittag ab 12 Uhr an der Stauffenbergstra\u00dfe in Lage los &#8211; allerdings mit einer leisen Er\u00f6ffnung: Von jetzt auf gleich nimmt das neue McDonald&#8217;s Restaurant seinen Betrieb auf. In Zukunft werden die \u00d6ffnungszeiten Mo-Do von &hellip; <a href=\"http:\/\/kochsiek.org\/blog\/2011\/09\/30\/mcdonalds-eroffnung-in-lage-heute-ab-1200-uhr\/\">Weiterlesen <span class=\"meta-nav\">&rarr;<\/span><\/a><\/p>\n","protected":false},"author":2,"featured_media":0,"comment_status":"open","ping_status":"open","sticky":false,"template":"","format":"standard","meta":{"ngg_post_thumbnail":0,"footnotes":""},"categories":[32,714],"tags":[382,715],"jetpack_sharing_enabled":true,"jetpack_featured_media_url":"","_links":{"self":[{"href":"http:\/\/kochsiek.org\/blog\/wp-json\/wp\/v2\/posts\/3695"}],"collection":[{"href":"http:\/\/kochsiek.org\/blog\/wp-json\/wp\/v2\/posts"}],"about":[{"href":"http:\/\/kochsiek.org\/blog\/wp-json\/wp\/v2\/types\/post"}],"author":[{"embeddable":true,"href":"http:\/\/kochsiek.org\/blog\/wp-json\/wp\/v2\/users\/2"}],"replies":[{"embeddable":true,"href":"http:\/\/kochsiek.org\/blog\/wp-json\/wp\/v2\/comments?post=3695"}],"version-history":[{"count":1,"href":"http:\/\/kochsiek.org\/blog\/wp-json\/wp\/v2\/posts\/3695\/revisions"}],"predecessor-version":[{"id":3696,"href":"http:\/\/kochsiek.org\/blog\/wp-json\/wp\/v2\/posts\/3695\/revisions\/3696"}],"wp:attachment":[{"href":"http:\/\/kochsiek.org\/blog\/wp-json\/wp\/v2\/media?parent=3695"}],"wp:term":[{"taxonomy":"category","embeddable":true,"href":"http:\/\/kochsiek.org\/blog\/wp-json\/wp\/v2\/categories?post=3695"},{"taxonomy":"post_tag","embeddable":true,"href":"http:\/\/kochsiek.org\/blog\/wp-json\/wp\/v2\/tags?post=3695"}],"curies":[{"name":"wp","href":"https:\/\/api.w.org\/{rel}","templated":true}]}}