{"id":366,"date":"2009-06-19T14:46:01","date_gmt":"2009-06-19T12:46:01","guid":{"rendered":"http:\/\/kochsiek.org\/blog\/?p=366"},"modified":"2009-06-21T12:23:54","modified_gmt":"2009-06-21T10:23:54","slug":"ein-dreifaches-horrido","status":"publish","type":"post","link":"http:\/\/kochsiek.org\/blog\/2009\/06\/19\/ein-dreifaches-horrido\/","title":{"rendered":"Ein dreifaches Horrido!"},"content":{"rendered":"<p>Nun ist es also soweit &#8230; die Sch\u00fctzengilde der Stadt Lage von 1509 e.V. feiert ihr Sch\u00fctzenfest zum 500j\u00e4hrigen Bestehen der Gilde.<\/p>\n<p>Allen Teilnehmern w\u00fcnsche ich Viel Spa\u00df und allen Organisatoren sage ich herzlich Danke f\u00fcr die tolle Arbeit bei der Vorbereitung dieses gro\u00dfen Ereignisses.<\/p>\n<p>Sogar einen eigens designten Bierdeckel gibt&#8217;s dieses Jahr:<\/p>\n<div id=\"attachment_360\" style=\"width: 306px\" class=\"wp-caption aligncenter\"><a href=\"http:\/\/kochsiek.org\/blog\/wp-content\/uploads\/2009\/06\/Bierdeckel-Schuetzenfest-Lage-2009.jpg\"><img loading=\"lazy\" decoding=\"async\" aria-describedby=\"caption-attachment-360\" class=\"size-medium wp-image-360\" title=\"Bierdeckel Sch\u00fctzenfest Lage 2009\" src=\"http:\/\/kochsiek.org\/blog\/wp-content\/uploads\/2009\/06\/Bierdeckel-Schuetzenfest-Lage-2009-296x300.jpg\" alt=\"Bierdeckel Sch\u00fctzenfest Lage 2009\" width=\"296\" height=\"300\" srcset=\"http:\/\/kochsiek.org\/blog\/wp-content\/uploads\/2009\/06\/Bierdeckel-Schuetzenfest-Lage-2009-296x300.jpg 296w, http:\/\/kochsiek.org\/blog\/wp-content\/uploads\/2009\/06\/Bierdeckel-Schuetzenfest-Lage-2009.jpg 629w\" sizes=\"(max-width: 296px) 100vw, 296px\" \/><\/a><p id=\"caption-attachment-360\" class=\"wp-caption-text\">Bierdeckel zum Sch\u00fctzenfest in Lage 2009<\/p><\/div>\n<p>Mal sehen, wer dieses Jahr den besten Treffer auf der K\u00f6nigsscheibe landen wird &#8230;<\/p>\n<p>Die Termine des Sch\u00fctzenfestes gibt es \u00fcbrigens online auf der <a title=\"Hompage Sch\u00fctzengilde Lage\" href=\"http:\/\/www.schuetzengilde-lage.de\/start.html\" target=\"_blank\">Hompage der Gilde<\/a> zu sehen.<\/p>\n","protected":false},"excerpt":{"rendered":"<p>Nun ist es also soweit &#8230; die Sch\u00fctzengilde der Stadt Lage von 1509 e.V. feiert ihr Sch\u00fctzenfest zum 500j\u00e4hrigen Bestehen der Gilde. Allen Teilnehmern w\u00fcnsche ich Viel Spa\u00df und allen Organisatoren sage ich herzlich Danke f\u00fcr die tolle Arbeit bei &hellip; <a href=\"http:\/\/kochsiek.org\/blog\/2009\/06\/19\/ein-dreifaches-horrido\/\">Weiterlesen <span class=\"meta-nav\">&rarr;<\/span><\/a><\/p>\n","protected":false},"author":2,"featured_media":0,"comment_status":"open","ping_status":"open","sticky":false,"template":"","format":"standard","meta":{"ngg_post_thumbnail":0,"footnotes":""},"categories":[32,50],"tags":[140,105],"jetpack_sharing_enabled":true,"jetpack_featured_media_url":"","_links":{"self":[{"href":"http:\/\/kochsiek.org\/blog\/wp-json\/wp\/v2\/posts\/366"}],"collection":[{"href":"http:\/\/kochsiek.org\/blog\/wp-json\/wp\/v2\/posts"}],"about":[{"href":"http:\/\/kochsiek.org\/blog\/wp-json\/wp\/v2\/types\/post"}],"author":[{"embeddable":true,"href":"http:\/\/kochsiek.org\/blog\/wp-json\/wp\/v2\/users\/2"}],"replies":[{"embeddable":true,"href":"http:\/\/kochsiek.org\/blog\/wp-json\/wp\/v2\/comments?post=366"}],"version-history":[{"count":5,"href":"http:\/\/kochsiek.org\/blog\/wp-json\/wp\/v2\/posts\/366\/revisions"}],"predecessor-version":[{"id":388,"href":"http:\/\/kochsiek.org\/blog\/wp-json\/wp\/v2\/posts\/366\/revisions\/388"}],"wp:attachment":[{"href":"http:\/\/kochsiek.org\/blog\/wp-json\/wp\/v2\/media?parent=366"}],"wp:term":[{"taxonomy":"category","embeddable":true,"href":"http:\/\/kochsiek.org\/blog\/wp-json\/wp\/v2\/categories?post=366"},{"taxonomy":"post_tag","embeddable":true,"href":"http:\/\/kochsiek.org\/blog\/wp-json\/wp\/v2\/tags?post=366"}],"curies":[{"name":"wp","href":"https:\/\/api.w.org\/{rel}","templated":true}]}}