{"id":3396,"date":"2011-06-07T18:23:36","date_gmt":"2011-06-07T16:23:36","guid":{"rendered":"http:\/\/kochsiek.org\/blog\/?p=3396"},"modified":"2011-06-07T17:33:56","modified_gmt":"2011-06-07T15:33:56","slug":"atomausstieg-bis-2022-jedenfalls-in-deutschland","status":"publish","type":"post","link":"http:\/\/kochsiek.org\/blog\/2011\/06\/07\/atomausstieg-bis-2022-jedenfalls-in-deutschland\/","title":{"rendered":"Atomausstieg bis 2022 &#8211; jedenfalls in Deutschland"},"content":{"rendered":"<p>Nun ist es also amtlich. Deutschland steigt bis zum Jahr 2022 aus der Erzeugung von Atomstrom <a title=\"Tagesschau.de\" href=\"http:\/\/www.tagesschau.de\/inland\/atomausstieg208.html\" target=\"_blank\">aus<\/a>.<\/p>\n<p>Dann k\u00f6nnen sich unsere <a title=\"Wikipedia, Kernenergie\" href=\"http:\/\/de.wikipedia.org\/wiki\/Kernenergie_nach_L%C3%A4ndern\" target=\"_blank\">europ\u00e4ischen<\/a> <a title=\"Atomkraftwerke in Europa\" href=\"http:\/\/www.gesundlichleben.com\/allgemein\/atomkraftwerke-karte-europa.html\" target=\"_blank\">Nachbarn<\/a> also in Sicherheit wiegen, dass von einem Deutschen Atomkraftwerk ab dann keine allzugro\u00dfe Gefahr mehr ausgeht. Und ich bin mir sicher, dass sp\u00e4testens ab 2022 bei einer Kernschmelze in einem der aktuell 70 franz\u00f6sischen Reaktoren die radioaktive Wolke einen sch\u00f6nen gro\u00dfen Bogen um das dann atomar jungfr\u00e4uliche Deutschland machen wird.<\/p>\n<p>Unsere Bundeskanzlerin, Frau Merkel, ist sonst immer so bedacht darauf, blo\u00df nichts im Alleingang zu unternehmen. Eine Google Suche nach &#8222;<a title=\"Google\" href=\"http:\/\/www.google.de\/#sclient=psy&amp;hl=de&amp;source=hp&amp;q=merkel+gemeinsame+europ%C3%A4ische+l%C3%B6sung&amp;aq=f&amp;aqi=&amp;aql=&amp;oq=&amp;pbx=1&amp;bav=on.2,or.r_gc.r_pw.&amp;fp=82849e2468641532&amp;biw=1280&amp;bih=888\" target=\"_blank\">Merkel gemeinsame europ\u00e4ische L\u00f6sung<\/a>&#8220; bringt fast 3,5 Millionen Treffer. Es ist ja l\u00f6blich, aus einer umstrittenen <em>Br\u00fcckentechnologie<\/em> auszusteigen. Selbst wenn es nur durch die japanische Katastrophe in Fukushima zu einem solchen Umdenken gekommen ist. Aber was nutzt es, wenn die Deutschen ihre Meiler abschalten, um uns herum aber zig andere weiter in Betrieb bleiben?<\/p>\n<p>Ach ja, noch eine Frage, mit deren Antwort man auf der n\u00e4chsten Party gl\u00e4nzen kann: Wie weit ist eigentlich das <a title=\"KKW Grohnde\" href=\"http:\/\/maps.google.de\/maps?f=d&amp;source=s_d&amp;saddr=32791,+Lage&amp;daddr=31860,+Emmerthal&amp;hl=de&amp;geocode=FYlYGQMdvyyGACkBNQpZbEG6RzGAhVQxgfInBA%3BFfgqGgMdHCqPACn3rxaHiJK6RzFgSqyUbawlBA&amp;mra=ls&amp;sll=52.015317,9.106293&amp;sspn=0.643188,1.234589&amp;ie=UTF8&amp;t=h&amp;z=11\" target=\"_blank\">n\u00e4chste Kernkraftwerk von Lage entfernt<\/a>?<\/p>\n","protected":false},"excerpt":{"rendered":"<p>Nun ist es also amtlich. Deutschland steigt bis zum Jahr 2022 aus der Erzeugung von Atomstrom aus. Dann k\u00f6nnen sich unsere europ\u00e4ischen Nachbarn also in Sicherheit wiegen, dass von einem Deutschen Atomkraftwerk ab dann keine allzugro\u00dfe Gefahr mehr ausgeht. Und &hellip; <a href=\"http:\/\/kochsiek.org\/blog\/2011\/06\/07\/atomausstieg-bis-2022-jedenfalls-in-deutschland\/\">Weiterlesen <span class=\"meta-nav\">&rarr;<\/span><\/a><\/p>\n","protected":false},"author":2,"featured_media":0,"comment_status":"open","ping_status":"open","sticky":false,"template":"","format":"standard","meta":{"ngg_post_thumbnail":0,"footnotes":""},"categories":[389],"tags":[1730,724,1731,1732,1729,506],"jetpack_sharing_enabled":true,"jetpack_featured_media_url":"","_links":{"self":[{"href":"http:\/\/kochsiek.org\/blog\/wp-json\/wp\/v2\/posts\/3396"}],"collection":[{"href":"http:\/\/kochsiek.org\/blog\/wp-json\/wp\/v2\/posts"}],"about":[{"href":"http:\/\/kochsiek.org\/blog\/wp-json\/wp\/v2\/types\/post"}],"author":[{"embeddable":true,"href":"http:\/\/kochsiek.org\/blog\/wp-json\/wp\/v2\/users\/2"}],"replies":[{"embeddable":true,"href":"http:\/\/kochsiek.org\/blog\/wp-json\/wp\/v2\/comments?post=3396"}],"version-history":[{"count":2,"href":"http:\/\/kochsiek.org\/blog\/wp-json\/wp\/v2\/posts\/3396\/revisions"}],"predecessor-version":[{"id":3398,"href":"http:\/\/kochsiek.org\/blog\/wp-json\/wp\/v2\/posts\/3396\/revisions\/3398"}],"wp:attachment":[{"href":"http:\/\/kochsiek.org\/blog\/wp-json\/wp\/v2\/media?parent=3396"}],"wp:term":[{"taxonomy":"category","embeddable":true,"href":"http:\/\/kochsiek.org\/blog\/wp-json\/wp\/v2\/categories?post=3396"},{"taxonomy":"post_tag","embeddable":true,"href":"http:\/\/kochsiek.org\/blog\/wp-json\/wp\/v2\/tags?post=3396"}],"curies":[{"name":"wp","href":"https:\/\/api.w.org\/{rel}","templated":true}]}}