{"id":3302,"date":"2011-04-13T22:23:53","date_gmt":"2011-04-13T20:23:53","guid":{"rendered":"http:\/\/kochsiek.org\/blog\/?p=3302"},"modified":"2011-04-19T17:56:15","modified_gmt":"2011-04-19T15:56:15","slug":"neuer-internetauftritt-fur-die-schutzengilde-lage","status":"publish","type":"post","link":"http:\/\/kochsiek.org\/blog\/2011\/04\/13\/neuer-internetauftritt-fur-die-schutzengilde-lage\/","title":{"rendered":"Neuer Internetauftritt f\u00fcr die Sch\u00fctzengilde Lage"},"content":{"rendered":"<p>Nur mal so kurz zwischendurch &#8230; Die Internetseiten der Sch\u00fctzengilde der Stadt Lage von 1509 e.V. wurden einer kleinen Frischzellenkur unterzogen. Die neuen Seiten sind mittlerweile online, werden aber noch erweitert und in Zukunft kontinuierlich aktualisiert. Wer mal gucken m\u00f6chte, kann das <a title=\"Sch\u00fctzengilde der Stadt Lage von 1509 e.V.\" href=\"http:\/\/www.schuetzengilde-lage.de\" target=\"_blank\">hier machen<\/a>!<\/p>\n","protected":false},"excerpt":{"rendered":"<p>Nur mal so kurz zwischendurch &#8230; Die Internetseiten der Sch\u00fctzengilde der Stadt Lage von 1509 e.V. wurden einer kleinen Frischzellenkur unterzogen. Die neuen Seiten sind mittlerweile online, werden aber noch erweitert und in Zukunft kontinuierlich aktualisiert. Wer mal gucken m\u00f6chte, &hellip; <a href=\"http:\/\/kochsiek.org\/blog\/2011\/04\/13\/neuer-internetauftritt-fur-die-schutzengilde-lage\/\">Weiterlesen <span class=\"meta-nav\">&rarr;<\/span><\/a><\/p>\n","protected":false},"author":2,"featured_media":0,"comment_status":"open","ping_status":"open","sticky":false,"template":"","format":"standard","meta":{"ngg_post_thumbnail":0,"footnotes":""},"categories":[32,8,50,1586],"tags":[1694,146,105,37,1993],"jetpack_sharing_enabled":true,"jetpack_featured_media_url":"","_links":{"self":[{"href":"http:\/\/kochsiek.org\/blog\/wp-json\/wp\/v2\/posts\/3302"}],"collection":[{"href":"http:\/\/kochsiek.org\/blog\/wp-json\/wp\/v2\/posts"}],"about":[{"href":"http:\/\/kochsiek.org\/blog\/wp-json\/wp\/v2\/types\/post"}],"author":[{"embeddable":true,"href":"http:\/\/kochsiek.org\/blog\/wp-json\/wp\/v2\/users\/2"}],"replies":[{"embeddable":true,"href":"http:\/\/kochsiek.org\/blog\/wp-json\/wp\/v2\/comments?post=3302"}],"version-history":[{"count":2,"href":"http:\/\/kochsiek.org\/blog\/wp-json\/wp\/v2\/posts\/3302\/revisions"}],"predecessor-version":[{"id":3313,"href":"http:\/\/kochsiek.org\/blog\/wp-json\/wp\/v2\/posts\/3302\/revisions\/3313"}],"wp:attachment":[{"href":"http:\/\/kochsiek.org\/blog\/wp-json\/wp\/v2\/media?parent=3302"}],"wp:term":[{"taxonomy":"category","embeddable":true,"href":"http:\/\/kochsiek.org\/blog\/wp-json\/wp\/v2\/categories?post=3302"},{"taxonomy":"post_tag","embeddable":true,"href":"http:\/\/kochsiek.org\/blog\/wp-json\/wp\/v2\/tags?post=3302"}],"curies":[{"name":"wp","href":"https:\/\/api.w.org\/{rel}","templated":true}]}}