{"id":3258,"date":"2011-03-15T00:05:43","date_gmt":"2011-03-14T23:05:43","guid":{"rendered":"http:\/\/kochsiek.org\/blog\/?p=3258"},"modified":"2011-03-15T15:15:47","modified_gmt":"2011-03-15T14:15:47","slug":"ruckkehr-zur-normalitat","status":"publish","type":"post","link":"http:\/\/kochsiek.org\/blog\/2011\/03\/15\/ruckkehr-zur-normalitat\/","title":{"rendered":"R\u00fcckkehr zur Normalit\u00e4t?"},"content":{"rendered":"<p>Bei all den <a title=\"Spiegel Online\" href=\"http:\/\/www.spiegel.de\/thema\/erdbeben_in_japan_2011\/\" target=\"_blank\">Meldungen aus Japan<\/a> ger\u00e4t ein Thema scheinbar in den Hintergrund. In Libyen gewinnen die den Diktator Muammar al-Gaddafi unterst\u00fctzenden Truppen immer mehr <a title=\"Spiegel Online\" href=\"http:\/\/www.spiegel.de\/politik\/ausland\/0,1518,750940,00.html\" target=\"_blank\">die Oberhand \u00fcber die &#8222;Rebellen&#8220;<\/a>.<strong><\/strong> Dies erf\u00e4hrt man auf Spiegel Online jedoch erst, nachdem man einige Zeit lang nach unten gescrollt hat, und dann auch nur im Kleingedruckten.<\/p>\n<p>Was wird passieren, wenn Libyen in absehbarer Zeit wieder unter der Kontrolle von Gaddafi stehen sollte? Und dieses Szenario scheint nicht mehr ganz so abwegig, wie noch vor einigen Tagen als man mit Sicherheit sagte, dass es blo\u00df noch eine Frage der Zeit ist, wann es dort zu einem Umschwung und Wechsel kommen wird.<\/p>\n<p>Der \u00d6lpreis wird wieder etwas sinken (nicht zuletzt wegen sinkender Nachfrage aus Japan), der Alltag wird wieder einkehren. Und die westlichen Regierungen? Wird Gaddafi pl\u00f6tzlich wieder der beste Freund der erd\u00f6labh\u00e4ngigen Europ\u00e4er werden, der er vor den Unruhen in seinem Land war? Werden die Waffenlieferungen wieder aufgenommen? Getreu dem Motto <em>Wes&#8216; \u00d6l ich verfeuere, des&#8216; Hand ich k\u00fcss&#8216;<\/em>?<\/p>\n<p>Ich hoffe nur, dass durch die schrecklichen Katastrophen in Japan durch das Erdbeben, den Tsunami und das drohende Atom Desaster die Situation in den menschenverarchtenden Regimen dieser Welt nicht zu sehr aus dem \u00f6ffentlichen Bewu\u00dftsein verdr\u00e4ngt wird, um wieder zum business as usual zur\u00fcckzukehren. Nicht zuletzt deshalt, weil man mit immer neuen Schreckensbildern von \u00fcberfluteten Regionen in Japan deutlich mehr Quote machen kann, als mit den wechselnden aber doch immer gleich Bildern aus dem (gar nicht mal so) fernen afrikanischen Land.<\/p>\n","protected":false},"excerpt":{"rendered":"<p>Bei all den Meldungen aus Japan ger\u00e4t ein Thema scheinbar in den Hintergrund. In Libyen gewinnen die den Diktator Muammar al-Gaddafi unterst\u00fctzenden Truppen immer mehr die Oberhand \u00fcber die &#8222;Rebellen&#8220;. Dies erf\u00e4hrt man auf Spiegel Online jedoch erst, nachdem man &hellip; <a href=\"http:\/\/kochsiek.org\/blog\/2011\/03\/15\/ruckkehr-zur-normalitat\/\">Weiterlesen <span class=\"meta-nav\">&rarr;<\/span><\/a><\/p>\n","protected":false},"author":2,"featured_media":0,"comment_status":"open","ping_status":"open","sticky":false,"template":"","format":"standard","meta":{"ngg_post_thumbnail":0,"footnotes":""},"categories":[162,389],"tags":[677,1674,1675,1672,1002,1673,1459,1676],"jetpack_sharing_enabled":true,"jetpack_featured_media_url":"","_links":{"self":[{"href":"http:\/\/kochsiek.org\/blog\/wp-json\/wp\/v2\/posts\/3258"}],"collection":[{"href":"http:\/\/kochsiek.org\/blog\/wp-json\/wp\/v2\/posts"}],"about":[{"href":"http:\/\/kochsiek.org\/blog\/wp-json\/wp\/v2\/types\/post"}],"author":[{"embeddable":true,"href":"http:\/\/kochsiek.org\/blog\/wp-json\/wp\/v2\/users\/2"}],"replies":[{"embeddable":true,"href":"http:\/\/kochsiek.org\/blog\/wp-json\/wp\/v2\/comments?post=3258"}],"version-history":[{"count":2,"href":"http:\/\/kochsiek.org\/blog\/wp-json\/wp\/v2\/posts\/3258\/revisions"}],"predecessor-version":[{"id":3260,"href":"http:\/\/kochsiek.org\/blog\/wp-json\/wp\/v2\/posts\/3258\/revisions\/3260"}],"wp:attachment":[{"href":"http:\/\/kochsiek.org\/blog\/wp-json\/wp\/v2\/media?parent=3258"}],"wp:term":[{"taxonomy":"category","embeddable":true,"href":"http:\/\/kochsiek.org\/blog\/wp-json\/wp\/v2\/categories?post=3258"},{"taxonomy":"post_tag","embeddable":true,"href":"http:\/\/kochsiek.org\/blog\/wp-json\/wp\/v2\/tags?post=3258"}],"curies":[{"name":"wp","href":"https:\/\/api.w.org\/{rel}","templated":true}]}}