{"id":3233,"date":"2011-03-01T19:48:07","date_gmt":"2011-03-01T18:48:07","guid":{"rendered":"http:\/\/kochsiek.org\/blog\/?p=3233"},"modified":"2011-03-01T11:18:59","modified_gmt":"2011-03-01T10:18:59","slug":"es-grunt-so-grun","status":"publish","type":"post","link":"http:\/\/kochsiek.org\/blog\/2011\/03\/01\/es-grunt-so-grun\/","title":{"rendered":"Es gr\u00fcnt so gr\u00fcn"},"content":{"rendered":"<p>Bei einem nachmitt\u00e4glichen Streifzug durch Bielefelder Vororte ist mir dieses H\u00e4uschen hier aufgefallen. Gefragt habe ich mich beim Anblick u.a. folgendes:<\/p>\n<p style=\"text-align: left;\">1. Wer macht sowas?<br \/>\n2. Wer genehmigt sowas?<br \/>\n3. Wie findet man jemanden, der mit einem in ein solches Doppelhaus einzieht?<br \/>\n4. Wie ist das Verh\u00e4ltnis mit den Nachbarn?<\/p>\n<p><a href=\"http:\/\/kochsiek.org\/blog\/wp-content\/uploads\/2011\/03\/gruenes_dach.jpg\"><img loading=\"lazy\" decoding=\"async\" class=\"aligncenter size-medium wp-image-3232\" title=\"Gr\u00fcnes Dach\" src=\"http:\/\/kochsiek.org\/blog\/wp-content\/uploads\/2011\/03\/gruenes_dach-300x225.jpg\" alt=\"\" width=\"300\" height=\"225\" srcset=\"http:\/\/kochsiek.org\/blog\/wp-content\/uploads\/2011\/03\/gruenes_dach-300x225.jpg 300w, http:\/\/kochsiek.org\/blog\/wp-content\/uploads\/2011\/03\/gruenes_dach.jpg 684w\" sizes=\"(max-width: 300px) 100vw, 300px\" \/><\/a><\/p>\n","protected":false},"excerpt":{"rendered":"<p>Bei einem nachmitt\u00e4glichen Streifzug durch Bielefelder Vororte ist mir dieses H\u00e4uschen hier aufgefallen. Gefragt habe ich mich beim Anblick u.a. folgendes: 1. Wer macht sowas? 2. Wer genehmigt sowas? 3. Wie findet man jemanden, der mit einem in ein solches &hellip; <a href=\"http:\/\/kochsiek.org\/blog\/2011\/03\/01\/es-grunt-so-grun\/\">Weiterlesen <span class=\"meta-nav\">&rarr;<\/span><\/a><\/p>\n","protected":false},"author":2,"featured_media":0,"comment_status":"open","ping_status":"open","sticky":false,"template":"","format":"standard","meta":{"ngg_post_thumbnail":0,"footnotes":""},"categories":[574],"tags":[598,1663,1664],"jetpack_sharing_enabled":true,"jetpack_featured_media_url":"","_links":{"self":[{"href":"http:\/\/kochsiek.org\/blog\/wp-json\/wp\/v2\/posts\/3233"}],"collection":[{"href":"http:\/\/kochsiek.org\/blog\/wp-json\/wp\/v2\/posts"}],"about":[{"href":"http:\/\/kochsiek.org\/blog\/wp-json\/wp\/v2\/types\/post"}],"author":[{"embeddable":true,"href":"http:\/\/kochsiek.org\/blog\/wp-json\/wp\/v2\/users\/2"}],"replies":[{"embeddable":true,"href":"http:\/\/kochsiek.org\/blog\/wp-json\/wp\/v2\/comments?post=3233"}],"version-history":[{"count":3,"href":"http:\/\/kochsiek.org\/blog\/wp-json\/wp\/v2\/posts\/3233\/revisions"}],"predecessor-version":[{"id":3236,"href":"http:\/\/kochsiek.org\/blog\/wp-json\/wp\/v2\/posts\/3233\/revisions\/3236"}],"wp:attachment":[{"href":"http:\/\/kochsiek.org\/blog\/wp-json\/wp\/v2\/media?parent=3233"}],"wp:term":[{"taxonomy":"category","embeddable":true,"href":"http:\/\/kochsiek.org\/blog\/wp-json\/wp\/v2\/categories?post=3233"},{"taxonomy":"post_tag","embeddable":true,"href":"http:\/\/kochsiek.org\/blog\/wp-json\/wp\/v2\/tags?post=3233"}],"curies":[{"name":"wp","href":"https:\/\/api.w.org\/{rel}","templated":true}]}}