{"id":2938,"date":"2010-08-30T18:13:27","date_gmt":"2010-08-30T16:13:27","guid":{"rendered":"http:\/\/kochsiek.org\/blog\/?p=2938"},"modified":"2010-08-30T17:13:19","modified_gmt":"2010-08-30T15:13:19","slug":"jetzt-kommt-also-auch-mcdonalds-nicht-nach-lage","status":"publish","type":"post","link":"http:\/\/kochsiek.org\/blog\/2010\/08\/30\/jetzt-kommt-also-auch-mcdonalds-nicht-nach-lage\/","title":{"rendered":"Jetzt kommt also auch McDonald&#8217;s nicht nach Lage"},"content":{"rendered":"<p>In der LZ vom Wochenende stand es in gro\u00dfen Lettern. Auf dem Gel\u00e4nde der Fa. Altrogge zwischen Langer Stra\u00dfe und Werre m\u00f6chte gerne McDonald&#8217;s eine Filiale er\u00f6ffnen.<\/p>\n<p>Aus Lage wird noch was!<\/p>\n<p>Zuerst das <em>Fachmarktzentrum<\/em> am Bahnhof, der ja bald auch toll ausgebaut wird. Dann der tolle neue Elektronik-Fachmarkt, der das Zentrum des <em>West-Carr\u00e9s<\/em> darstellen soll. Und ein <em>Gro\u00dfraum-Kino<\/em> auf dem S\u00fclterheide-Gel\u00e4nde darf nat\u00fcrlich nicht fehlen. Besonders Burger King, der sich ja auch im <em>West-Carr\u00e9<\/em> gut machen soll, wird sich \u00fcber den neuen Nachbarn freuen. Konkurrenz belebt bekanntlich das Gesch\u00e4ft!<\/p>\n<p>Ich bin mal gespannt, wie lange es denn jetzt dauern wird, bis McDonald&#8217;s die Idee, sich in der Zuckerstadt anzusiedeln von eben jener Stadt madig gemacht wird. Oder wie viele Anwohner sich vor diversen Oberlandesgerichten dagegen wehren werden, direkt neben so einem Fast-Food Tempel wohnen zu m\u00fcssen.<\/p>\n<p>McDonald&#8217;s sollte die geplanten 37 Parkpl\u00e4tze lieber durch ein 3spuriges McDrive ersetzen. Gott bewahre, dass sich noch jemand in die Lange Stra\u00dfe verirrt, um dort evtl. in das ein oder andere Schaufenster zu gucken.<\/p>\n<p>Was ist eigentlich aus dem Kaufvertrag f\u00fcr das Kino-Gel\u00e4nde auf der S\u00fclterheide geworden? Ich dachte immer, im M\u00e4rz sollte der Vertrag unterschrieben werden. So super eilig scheinen es die Beteiligten ja nicht zu haben.<\/p>\n<p>Falls es doch dazu kommen sollte, dass sich in Lage mal etwas dreht, nehme ich nat\u00fcrlich all meine bissigen Kommentare zur\u00fcck und behaupte stehenden Fu\u00dfes das genaue Gegenteil. Aber die Erfahrung lehrt, dazu wird es nicht kommen.<\/p>\n","protected":false},"excerpt":{"rendered":"<p>In der LZ vom Wochenende stand es in gro\u00dfen Lettern. Auf dem Gel\u00e4nde der Fa. Altrogge zwischen Langer Stra\u00dfe und Werre m\u00f6chte gerne McDonald&#8217;s eine Filiale er\u00f6ffnen. Aus Lage wird noch was! Zuerst das Fachmarktzentrum am Bahnhof, der ja bald &hellip; <a href=\"http:\/\/kochsiek.org\/blog\/2010\/08\/30\/jetzt-kommt-also-auch-mcdonalds-nicht-nach-lage\/\">Weiterlesen <span class=\"meta-nav\">&rarr;<\/span><\/a><\/p>\n","protected":false},"author":2,"featured_media":0,"comment_status":"open","ping_status":"open","sticky":false,"template":"","format":"standard","meta":{"ngg_post_thumbnail":0,"footnotes":""},"categories":[32],"tags":[683,1547,827,715,828,1546],"jetpack_sharing_enabled":true,"jetpack_featured_media_url":"","_links":{"self":[{"href":"http:\/\/kochsiek.org\/blog\/wp-json\/wp\/v2\/posts\/2938"}],"collection":[{"href":"http:\/\/kochsiek.org\/blog\/wp-json\/wp\/v2\/posts"}],"about":[{"href":"http:\/\/kochsiek.org\/blog\/wp-json\/wp\/v2\/types\/post"}],"author":[{"embeddable":true,"href":"http:\/\/kochsiek.org\/blog\/wp-json\/wp\/v2\/users\/2"}],"replies":[{"embeddable":true,"href":"http:\/\/kochsiek.org\/blog\/wp-json\/wp\/v2\/comments?post=2938"}],"version-history":[{"count":1,"href":"http:\/\/kochsiek.org\/blog\/wp-json\/wp\/v2\/posts\/2938\/revisions"}],"predecessor-version":[{"id":2939,"href":"http:\/\/kochsiek.org\/blog\/wp-json\/wp\/v2\/posts\/2938\/revisions\/2939"}],"wp:attachment":[{"href":"http:\/\/kochsiek.org\/blog\/wp-json\/wp\/v2\/media?parent=2938"}],"wp:term":[{"taxonomy":"category","embeddable":true,"href":"http:\/\/kochsiek.org\/blog\/wp-json\/wp\/v2\/categories?post=2938"},{"taxonomy":"post_tag","embeddable":true,"href":"http:\/\/kochsiek.org\/blog\/wp-json\/wp\/v2\/tags?post=2938"}],"curies":[{"name":"wp","href":"https:\/\/api.w.org\/{rel}","templated":true}]}}