{"id":2476,"date":"2010-04-04T22:10:03","date_gmt":"2010-04-04T20:10:03","guid":{"rendered":"http:\/\/kochsiek.org\/blog\/?p=2476"},"modified":"2010-04-04T22:10:03","modified_gmt":"2010-04-04T20:10:03","slug":"osterfeuer-auf-dem-windhof-2","status":"publish","type":"post","link":"http:\/\/kochsiek.org\/blog\/2010\/04\/04\/osterfeuer-auf-dem-windhof-2\/","title":{"rendered":"Osterfeuer auf dem Windhof (2)"},"content":{"rendered":"<p>Wie bereits im <a title=\"Osterfeuer 2009\" href=\"http:\/\/kochsiek.org\/blog\/2009\/04\/12\/osterfeuer-auf-dem-windhof\/\" target=\"_blank\">letzten Jahr<\/a> waren wir auch am heutigen Ostersonntag auf dem Windhof zum Osterfeuer.<\/p>\n<p>Das Osterfeuer selber war dieses Mal nicht ganz so gro\u00df, die anwesenden Zuschauer nicht ganz so zahlreich und die Entfachungs-Zeremonie (Stichwort: Benzin!) nicht ganz so <a title=\"Osterfeuer anz\u00fcnden 2009\" href=\"http:\/\/www.youtube.com\/watch?v=JTipc_gyvDw\" target=\"_blank\">spektakul\u00e4r<\/a> wie \u00fcblich.<br \/>\nZus\u00e4tzlich ist &#8211; meiner Meinung nach &#8211; negativ anzumerken, dass es statt der gewohnten Bratwurst im Br\u00f6tchen dieses Mal Hei\u00dfw\u00fcrstchen im Br\u00f6tchen gab.<\/p>\n<p>Hier einige Impressionen vom Anz\u00fcnden und dem eigentlichen Feuer. Wenigstens rauchm\u00e4\u00dfig haben wir sie alle in den Schatten gestellt!<\/p>\n<p><object classid=\"clsid:d27cdb6e-ae6d-11cf-96b8-444553540000\" width=\"460\" height=\"280\" codebase=\"http:\/\/download.macromedia.com\/pub\/shockwave\/cabs\/flash\/swflash.cab#version=6,0,40,0\"><param name=\"allowFullScreen\" value=\"true\" \/><param name=\"allowscriptaccess\" value=\"always\" \/><param name=\"src\" value=\"http:\/\/www.youtube.com\/v\/plW8sWd0Z34&amp;hl=de_DE&amp;fs=1&amp;\" \/><param name=\"allowfullscreen\" value=\"true\" \/><\/object><\/p>\n<p><a href=\"http:\/\/kochsiek.org\/blog\/wp-content\/uploads\/2010\/04\/Osterfeuer_2010_01.jpg\"><img loading=\"lazy\" decoding=\"async\" class=\"aligncenter size-medium wp-image-2469\" title=\"Osterfeuer 2010\" src=\"http:\/\/kochsiek.org\/blog\/wp-content\/uploads\/2010\/04\/Osterfeuer_2010_01-300x224.jpg\" alt=\"\" width=\"300\" height=\"224\" srcset=\"http:\/\/kochsiek.org\/blog\/wp-content\/uploads\/2010\/04\/Osterfeuer_2010_01-300x224.jpg 300w, http:\/\/kochsiek.org\/blog\/wp-content\/uploads\/2010\/04\/Osterfeuer_2010_01.jpg 678w\" sizes=\"(max-width: 300px) 100vw, 300px\" \/><\/a><\/p>\n<p><a href=\"http:\/\/kochsiek.org\/blog\/wp-content\/uploads\/2010\/04\/Osterfeuer_2010_02.jpg\"><img loading=\"lazy\" decoding=\"async\" class=\"aligncenter size-medium wp-image-2470\" title=\"Osterfeuer 2010\" src=\"http:\/\/kochsiek.org\/blog\/wp-content\/uploads\/2010\/04\/Osterfeuer_2010_02-300x224.jpg\" alt=\"\" width=\"300\" height=\"224\" srcset=\"http:\/\/kochsiek.org\/blog\/wp-content\/uploads\/2010\/04\/Osterfeuer_2010_02-300x224.jpg 300w, http:\/\/kochsiek.org\/blog\/wp-content\/uploads\/2010\/04\/Osterfeuer_2010_02.jpg 678w\" sizes=\"(max-width: 300px) 100vw, 300px\" \/><\/a><\/p>\n<p><a href=\"http:\/\/kochsiek.org\/blog\/wp-content\/uploads\/2010\/04\/Osterfeuer_2010_03.jpg\"><img loading=\"lazy\" decoding=\"async\" class=\"aligncenter size-medium wp-image-2471\" title=\"Osterfeuer 2010\" src=\"http:\/\/kochsiek.org\/blog\/wp-content\/uploads\/2010\/04\/Osterfeuer_2010_03-300x224.jpg\" alt=\"\" width=\"300\" height=\"224\" srcset=\"http:\/\/kochsiek.org\/blog\/wp-content\/uploads\/2010\/04\/Osterfeuer_2010_03-300x224.jpg 300w, http:\/\/kochsiek.org\/blog\/wp-content\/uploads\/2010\/04\/Osterfeuer_2010_03.jpg 678w\" sizes=\"(max-width: 300px) 100vw, 300px\" \/><\/a><\/p>\n<p><a href=\"http:\/\/kochsiek.org\/blog\/wp-content\/uploads\/2010\/04\/Osterfeuer_2010_04.jpg\"><img loading=\"lazy\" decoding=\"async\" class=\"aligncenter size-medium wp-image-2472\" title=\"Osterfeuer 2010\" src=\"http:\/\/kochsiek.org\/blog\/wp-content\/uploads\/2010\/04\/Osterfeuer_2010_04-300x224.jpg\" alt=\"\" width=\"300\" height=\"224\" srcset=\"http:\/\/kochsiek.org\/blog\/wp-content\/uploads\/2010\/04\/Osterfeuer_2010_04-300x224.jpg 300w, http:\/\/kochsiek.org\/blog\/wp-content\/uploads\/2010\/04\/Osterfeuer_2010_04.jpg 678w\" sizes=\"(max-width: 300px) 100vw, 300px\" \/><\/a><\/p>\n<p><a href=\"http:\/\/kochsiek.org\/blog\/wp-content\/uploads\/2010\/04\/Osterfeuer_2010_05.jpg\"><img loading=\"lazy\" decoding=\"async\" class=\"aligncenter size-medium wp-image-2473\" title=\"Osterfeuer 2010\" src=\"http:\/\/kochsiek.org\/blog\/wp-content\/uploads\/2010\/04\/Osterfeuer_2010_05-300x224.jpg\" alt=\"\" width=\"300\" height=\"224\" srcset=\"http:\/\/kochsiek.org\/blog\/wp-content\/uploads\/2010\/04\/Osterfeuer_2010_05-300x224.jpg 300w, http:\/\/kochsiek.org\/blog\/wp-content\/uploads\/2010\/04\/Osterfeuer_2010_05.jpg 678w\" sizes=\"(max-width: 300px) 100vw, 300px\" \/><\/a><\/p>\n<p>Wir sind dann anschlie\u00dfend \u00fcbrigens noch zum Kachtenhauser Osterfeuer am Dieter Rabe Vereinszentrum gegangen. Dort waren neben einer Menge mehr an Leuten \u00fcbrigens gleich zwei Bratwurst-Buden!<\/p>\n","protected":false},"excerpt":{"rendered":"<p>Wie bereits im letzten Jahr waren wir auch am heutigen Ostersonntag auf dem Windhof zum Osterfeuer. Das Osterfeuer selber war dieses Mal nicht ganz so gro\u00df, die anwesenden Zuschauer nicht ganz so zahlreich und die Entfachungs-Zeremonie (Stichwort: Benzin!) nicht ganz &hellip; <a href=\"http:\/\/kochsiek.org\/blog\/2010\/04\/04\/osterfeuer-auf-dem-windhof-2\/\">Weiterlesen <span class=\"meta-nav\">&rarr;<\/span><\/a><\/p>\n","protected":false},"author":2,"featured_media":0,"comment_status":"open","ping_status":"open","sticky":false,"template":"","format":"standard","meta":{"ngg_post_thumbnail":0,"footnotes":""},"categories":[32,694],"tags":[996,382,1372,5,1371,1373,28,6,24],"jetpack_sharing_enabled":true,"jetpack_featured_media_url":"","_links":{"self":[{"href":"http:\/\/kochsiek.org\/blog\/wp-json\/wp\/v2\/posts\/2476"}],"collection":[{"href":"http:\/\/kochsiek.org\/blog\/wp-json\/wp\/v2\/posts"}],"about":[{"href":"http:\/\/kochsiek.org\/blog\/wp-json\/wp\/v2\/types\/post"}],"author":[{"embeddable":true,"href":"http:\/\/kochsiek.org\/blog\/wp-json\/wp\/v2\/users\/2"}],"replies":[{"embeddable":true,"href":"http:\/\/kochsiek.org\/blog\/wp-json\/wp\/v2\/comments?post=2476"}],"version-history":[{"count":6,"href":"http:\/\/kochsiek.org\/blog\/wp-json\/wp\/v2\/posts\/2476\/revisions"}],"predecessor-version":[{"id":2482,"href":"http:\/\/kochsiek.org\/blog\/wp-json\/wp\/v2\/posts\/2476\/revisions\/2482"}],"wp:attachment":[{"href":"http:\/\/kochsiek.org\/blog\/wp-json\/wp\/v2\/media?parent=2476"}],"wp:term":[{"taxonomy":"category","embeddable":true,"href":"http:\/\/kochsiek.org\/blog\/wp-json\/wp\/v2\/categories?post=2476"},{"taxonomy":"post_tag","embeddable":true,"href":"http:\/\/kochsiek.org\/blog\/wp-json\/wp\/v2\/tags?post=2476"}],"curies":[{"name":"wp","href":"https:\/\/api.w.org\/{rel}","templated":true}]}}