{"id":2423,"date":"2010-03-22T08:42:10","date_gmt":"2010-03-22T07:42:10","guid":{"rendered":"http:\/\/kochsiek.org\/blog\/?p=2423"},"modified":"2010-03-21T22:38:09","modified_gmt":"2010-03-21T21:38:09","slug":"abriss-in-zeitraffa","status":"publish","type":"post","link":"http:\/\/kochsiek.org\/blog\/2010\/03\/22\/abriss-in-zeitraffa\/","title":{"rendered":"Abriss in Zeitraffa"},"content":{"rendered":"<p>In der folgenden kleinen Animation kann man den Abriss des alten Jankowski Geb\u00e4udes im Zeitraum 17. bis 21. M\u00e4rz 2010 beobachten, wobei die eigentlichen Abrissarbeiten am Samstag, den 20. M\u00e4rz in der Zeit von 8 bis 17 Uhr stattgefunden haben.<\/p>\n<p><a href=\"http:\/\/kochsiek.org\/blog\/wp-content\/uploads\/2010\/03\/Abriss_Jankowski_201003.gif\"><img loading=\"lazy\" decoding=\"async\" class=\"aligncenter size-full wp-image-2422\" title=\"Abriss Jankowski 201003\" src=\"http:\/\/kochsiek.org\/blog\/wp-content\/uploads\/2010\/03\/Abriss_Jankowski_201003.gif\" alt=\"\" width=\"507\" height=\"380\" srcset=\"http:\/\/kochsiek.org\/blog\/wp-content\/uploads\/2010\/03\/Abriss_Jankowski_201003.gif 507w, http:\/\/kochsiek.org\/blog\/wp-content\/uploads\/2010\/03\/Abriss_Jankowski_201003-300x224.gif 300w\" sizes=\"(max-width: 507px) 100vw, 507px\" \/><\/a><\/p>\n<p style=\"text-align: center;\"><a href=\"http:\/\/kochsiek.org\/blog\/wp-content\/uploads\/2010\/03\/Abriss_Jankowski_201003.gif\"><br \/>\n<\/a><\/p>\n","protected":false},"excerpt":{"rendered":"<p>In der folgenden kleinen Animation kann man den Abriss des alten Jankowski Geb\u00e4udes im Zeitraum 17. bis 21. M\u00e4rz 2010 beobachten, wobei die eigentlichen Abrissarbeiten am Samstag, den 20. M\u00e4rz in der Zeit von 8 bis 17 Uhr stattgefunden haben.<\/p>\n","protected":false},"author":2,"featured_media":0,"comment_status":"open","ping_status":"open","sticky":false,"template":"","format":"standard","meta":{"ngg_post_thumbnail":0,"footnotes":""},"categories":[32],"tags":[1337,236,1339,446,1338,286,445,1340],"jetpack_sharing_enabled":true,"jetpack_featured_media_url":"","_links":{"self":[{"href":"http:\/\/kochsiek.org\/blog\/wp-json\/wp\/v2\/posts\/2423"}],"collection":[{"href":"http:\/\/kochsiek.org\/blog\/wp-json\/wp\/v2\/posts"}],"about":[{"href":"http:\/\/kochsiek.org\/blog\/wp-json\/wp\/v2\/types\/post"}],"author":[{"embeddable":true,"href":"http:\/\/kochsiek.org\/blog\/wp-json\/wp\/v2\/users\/2"}],"replies":[{"embeddable":true,"href":"http:\/\/kochsiek.org\/blog\/wp-json\/wp\/v2\/comments?post=2423"}],"version-history":[{"count":7,"href":"http:\/\/kochsiek.org\/blog\/wp-json\/wp\/v2\/posts\/2423\/revisions"}],"predecessor-version":[{"id":2430,"href":"http:\/\/kochsiek.org\/blog\/wp-json\/wp\/v2\/posts\/2423\/revisions\/2430"}],"wp:attachment":[{"href":"http:\/\/kochsiek.org\/blog\/wp-json\/wp\/v2\/media?parent=2423"}],"wp:term":[{"taxonomy":"category","embeddable":true,"href":"http:\/\/kochsiek.org\/blog\/wp-json\/wp\/v2\/categories?post=2423"},{"taxonomy":"post_tag","embeddable":true,"href":"http:\/\/kochsiek.org\/blog\/wp-json\/wp\/v2\/tags?post=2423"}],"curies":[{"name":"wp","href":"https:\/\/api.w.org\/{rel}","templated":true}]}}