{"id":2344,"date":"2010-03-02T21:46:47","date_gmt":"2010-03-02T20:46:47","guid":{"rendered":"http:\/\/kochsiek.org\/blog\/?p=2344"},"modified":"2010-03-02T21:46:47","modified_gmt":"2010-03-02T20:46:47","slug":"gut-gehalten","status":"publish","type":"post","link":"http:\/\/kochsiek.org\/blog\/2010\/03\/02\/gut-gehalten\/","title":{"rendered":"Gut gehalten"},"content":{"rendered":"<p>Dieses kleine unschuldige Weihnachtsb\u00e4umchen wurde bei der Abholaktion der Freiwilligen Feuerwehr Anfang Januar wohl vergessen. Und der Besitzer ha es ganz stiefm\u00fctterlich einfach am Zaun stehen gelassen.<\/p>\n<p><a href=\"http:\/\/kochsiek.org\/blog\/wp-content\/uploads\/2010\/03\/Weihnachtsbaum_Strasse.jpg\"><img loading=\"lazy\" decoding=\"async\" class=\"aligncenter size-medium wp-image-2346\" title=\"Weihnachtsbaum an der Stra\u00dfe\" src=\"http:\/\/kochsiek.org\/blog\/wp-content\/uploads\/2010\/03\/Weihnachtsbaum_Strasse-300x225.jpg\" alt=\"\" width=\"300\" height=\"225\" srcset=\"http:\/\/kochsiek.org\/blog\/wp-content\/uploads\/2010\/03\/Weihnachtsbaum_Strasse-300x225.jpg 300w, http:\/\/kochsiek.org\/blog\/wp-content\/uploads\/2010\/03\/Weihnachtsbaum_Strasse.jpg 855w\" sizes=\"(max-width: 300px) 100vw, 300px\" \/><\/a><\/p>\n<p>Mittlerweile &#8211; also Anfang M\u00e4rz! &#8211; ist das B\u00e4umchen gewandert, zwar immer noch nicht zu seiner letzten Ruhest\u00e4tte (dem H\u00e4cksler), aber immerhin aus der \u00f6ffentlichen Zurschaustellung am Gartenzaun hin zum M\u00fclltonnen-Unterstand.<\/p>\n<p><a href=\"http:\/\/kochsiek.org\/blog\/wp-content\/uploads\/2010\/03\/Weihnachtsbaum.jpg\"><img loading=\"lazy\" decoding=\"async\" class=\"aligncenter size-medium wp-image-2343\" title=\"Weihnachtsbaum\" src=\"http:\/\/kochsiek.org\/blog\/wp-content\/uploads\/2010\/03\/Weihnachtsbaum-300x224.jpg\" alt=\"\" width=\"300\" height=\"224\" srcset=\"http:\/\/kochsiek.org\/blog\/wp-content\/uploads\/2010\/03\/Weihnachtsbaum-300x224.jpg 300w, http:\/\/kochsiek.org\/blog\/wp-content\/uploads\/2010\/03\/Weihnachtsbaum.jpg 761w\" sizes=\"(max-width: 300px) 100vw, 300px\" \/><\/a><\/p>\n","protected":false},"excerpt":{"rendered":"<p>Dieses kleine unschuldige Weihnachtsb\u00e4umchen wurde bei der Abholaktion der Freiwilligen Feuerwehr Anfang Januar wohl vergessen. Und der Besitzer ha es ganz stiefm\u00fctterlich einfach am Zaun stehen gelassen. Mittlerweile &#8211; also Anfang M\u00e4rz! &#8211; ist das B\u00e4umchen gewandert, zwar immer noch &hellip; <a href=\"http:\/\/kochsiek.org\/blog\/2010\/03\/02\/gut-gehalten\/\">Weiterlesen <span class=\"meta-nav\">&rarr;<\/span><\/a><\/p>\n","protected":false},"author":2,"featured_media":0,"comment_status":"open","ping_status":"open","sticky":false,"template":"","format":"standard","meta":{"ngg_post_thumbnail":0,"footnotes":""},"categories":[694],"tags":[1295,1293,1294,972,1116],"jetpack_sharing_enabled":true,"jetpack_featured_media_url":"","_links":{"self":[{"href":"http:\/\/kochsiek.org\/blog\/wp-json\/wp\/v2\/posts\/2344"}],"collection":[{"href":"http:\/\/kochsiek.org\/blog\/wp-json\/wp\/v2\/posts"}],"about":[{"href":"http:\/\/kochsiek.org\/blog\/wp-json\/wp\/v2\/types\/post"}],"author":[{"embeddable":true,"href":"http:\/\/kochsiek.org\/blog\/wp-json\/wp\/v2\/users\/2"}],"replies":[{"embeddable":true,"href":"http:\/\/kochsiek.org\/blog\/wp-json\/wp\/v2\/comments?post=2344"}],"version-history":[{"count":2,"href":"http:\/\/kochsiek.org\/blog\/wp-json\/wp\/v2\/posts\/2344\/revisions"}],"predecessor-version":[{"id":2348,"href":"http:\/\/kochsiek.org\/blog\/wp-json\/wp\/v2\/posts\/2344\/revisions\/2348"}],"wp:attachment":[{"href":"http:\/\/kochsiek.org\/blog\/wp-json\/wp\/v2\/media?parent=2344"}],"wp:term":[{"taxonomy":"category","embeddable":true,"href":"http:\/\/kochsiek.org\/blog\/wp-json\/wp\/v2\/categories?post=2344"},{"taxonomy":"post_tag","embeddable":true,"href":"http:\/\/kochsiek.org\/blog\/wp-json\/wp\/v2\/tags?post=2344"}],"curies":[{"name":"wp","href":"https:\/\/api.w.org\/{rel}","templated":true}]}}