{"id":2327,"date":"2010-02-28T13:09:14","date_gmt":"2010-02-28T12:09:14","guid":{"rendered":"http:\/\/kochsiek.org\/blog\/?p=2327"},"modified":"2010-02-28T13:09:14","modified_gmt":"2010-02-28T12:09:14","slug":"kochsiek-org-in-den-medien-4","status":"publish","type":"post","link":"http:\/\/kochsiek.org\/blog\/2010\/02\/28\/kochsiek-org-in-den-medien-4\/","title":{"rendered":"Kochsiek.org in den Medien (4)"},"content":{"rendered":"<p>Am 18. Februar 2010 lief bei Johannes B. Kerner auf Sat1 ein Beitrag \u00fcber die Telefon-Abzocke des <a title=\"Kochsiek.org zu Friedrich von Haber\" href=\"http:\/\/kochsiek.org\/blog\/2009\/12\/14\/telefon-spam-der-woche\/\" target=\"_blank\">Friedrich von Haber<\/a>. Als heutzutage \u00fcbliches Stilmittel wird nat\u00fcrlich immer wieder gerne ein abgefilmter Computerbildschirm verwendet, auf dem grade eine Google Suche gemacht wird.<\/p>\n<p>Dabei ist ziemlich weit am Ende des Berichtes dieser Screenshot entstanden.<\/p>\n<p><a href=\"http:\/\/kochsiek.org\/blog\/wp-content\/uploads\/2010\/02\/Kerner_Ausschnitt.jpg\"><img loading=\"lazy\" decoding=\"async\" class=\"aligncenter size-medium wp-image-2326\" title=\"Sendungsausschnitt &quot;Kerner&quot; - &quot;Friedrich von Haber&quot;\" src=\"http:\/\/kochsiek.org\/blog\/wp-content\/uploads\/2010\/02\/Kerner_Ausschnitt-300x228.jpg\" alt=\"\" width=\"300\" height=\"228\" srcset=\"http:\/\/kochsiek.org\/blog\/wp-content\/uploads\/2010\/02\/Kerner_Ausschnitt-300x228.jpg 300w, http:\/\/kochsiek.org\/blog\/wp-content\/uploads\/2010\/02\/Kerner_Ausschnitt.jpg 652w\" sizes=\"(max-width: 300px) 100vw, 300px\" \/><\/a><\/p>\n<p>Den kurzen Bericht von Herrn Kerner \u00fcber Herrn von Haber kann man <a title=\"Kerner\" href=\"http:\/\/www.youtube.com\/watch?v=8SshtkPuGJo\" target=\"_blank\">bei YouTube hier sehen<\/a>.<\/p>\n","protected":false},"excerpt":{"rendered":"<p>Am 18. Februar 2010 lief bei Johannes B. Kerner auf Sat1 ein Beitrag \u00fcber die Telefon-Abzocke des Friedrich von Haber. Als heutzutage \u00fcbliches Stilmittel wird nat\u00fcrlich immer wieder gerne ein abgefilmter Computerbildschirm verwendet, auf dem grade eine Google Suche gemacht &hellip; <a href=\"http:\/\/kochsiek.org\/blog\/2010\/02\/28\/kochsiek-org-in-den-medien-4\/\">Weiterlesen <span class=\"meta-nav\">&rarr;<\/span><\/a><\/p>\n","protected":false},"author":2,"featured_media":0,"comment_status":"open","ping_status":"open","sticky":false,"template":"","format":"standard","meta":{"ngg_post_thumbnail":0,"footnotes":""},"categories":[1],"tags":[949,1286,955,1283,1284,948,1287,24],"jetpack_sharing_enabled":true,"jetpack_featured_media_url":"","_links":{"self":[{"href":"http:\/\/kochsiek.org\/blog\/wp-json\/wp\/v2\/posts\/2327"}],"collection":[{"href":"http:\/\/kochsiek.org\/blog\/wp-json\/wp\/v2\/posts"}],"about":[{"href":"http:\/\/kochsiek.org\/blog\/wp-json\/wp\/v2\/types\/post"}],"author":[{"embeddable":true,"href":"http:\/\/kochsiek.org\/blog\/wp-json\/wp\/v2\/users\/2"}],"replies":[{"embeddable":true,"href":"http:\/\/kochsiek.org\/blog\/wp-json\/wp\/v2\/comments?post=2327"}],"version-history":[{"count":2,"href":"http:\/\/kochsiek.org\/blog\/wp-json\/wp\/v2\/posts\/2327\/revisions"}],"predecessor-version":[{"id":2337,"href":"http:\/\/kochsiek.org\/blog\/wp-json\/wp\/v2\/posts\/2327\/revisions\/2337"}],"wp:attachment":[{"href":"http:\/\/kochsiek.org\/blog\/wp-json\/wp\/v2\/media?parent=2327"}],"wp:term":[{"taxonomy":"category","embeddable":true,"href":"http:\/\/kochsiek.org\/blog\/wp-json\/wp\/v2\/categories?post=2327"},{"taxonomy":"post_tag","embeddable":true,"href":"http:\/\/kochsiek.org\/blog\/wp-json\/wp\/v2\/tags?post=2327"}],"curies":[{"name":"wp","href":"https:\/\/api.w.org\/{rel}","templated":true}]}}