{"id":2094,"date":"2010-01-22T00:27:16","date_gmt":"2010-01-21T23:27:16","guid":{"rendered":"http:\/\/kochsiek.org\/blog\/?p=2094"},"modified":"2010-01-22T00:27:16","modified_gmt":"2010-01-21T23:27:16","slug":"liberales-spasbuch-2009","status":"publish","type":"post","link":"http:\/\/kochsiek.org\/blog\/2010\/01\/22\/liberales-spasbuch-2009\/","title":{"rendered":"Liberales Spa\u00dfbuch 2009"},"content":{"rendered":"<p>Ich habe gerade einen Beitrag der Sendung <a title=\"ARD Magazin Panorama\" href=\"http:\/\/www.panorama.de\" target=\"_blank\">Panorama<\/a> in der ARD gesehen. Es ging um das von der Bundestagsfraktion der FDP im Vorfeld der letzten Bundestagswahl vorgestellte <em>Sparbuch 2009<\/em>. In diesem Dokument haben verschiedene Gremien der FDP ca. 400 Vorschl\u00e4ge gesammelt, wie im Bundeshaushalt \u00fcber 10.000.000.000 Euro (sprich: zehn Milliarden Euro) eingespart werden k\u00f6nnten. Dabei sind z.B. solche Positionen wie im <a title=\"Teil des Sparbuchs 2009 als PDF\" href=\"http:\/\/www.liberale.de\/files\/1504\/FDP-Antraege_EP_23_HH2009.pdf\" target=\"_blank\"><em>Einzelplan 23<\/em><\/a>, der sich mit dem Bundesministerium f\u00fcr wirtschaftliche Zusammenarbeit und Entwicklung (umgangssprachlich: <a title=\"Wikipedia, Entwicklungshilfeministerium\" href=\"http:\/\/de.wikipedia.org\/wiki\/Bundesministerium_f%C3%BCr_wirtschaftliche_Zusammenarbeit_und_Entwicklung\" target=\"_blank\">Entwicklungshilfeministerium<\/a>) besch\u00e4ftigt.<\/p>\n<p>Dort hei\u00dft es u.a.<\/p>\n<blockquote><p>Bez\u00fcge der Bundesministerin und der Parlamentarischen Staatssekret\u00e4rin<br \/>\nAktueller Ansatz: 295.000 Euro<br \/>\nAnsatz laut FDP: 170.000 Euro<br \/>\nDifferenz: -125.000 Euro<\/p><\/blockquote>\n<p>Am allersch\u00f6nsten in diesem <em>Sparbuch 2009<\/em> ist jedoch die Spalte Begr\u00fcndung \/ Bemerkung. Oftmals steht dort gar nichts, aber in vielen F\u00e4llen steht auch als Begr\u00fcndung nichts weiter als<\/p>\n<blockquote><p>Einsparungen dienen der Entlastung der B\u00fcrger.<\/p><\/blockquote>\n<p>Da kann man sich ja richtig viel drunter vorstellen. Die Sitzungen, in denen die Einsparpotentiale beratschlagt wurden, stelle ich mir richtig lustig vor.<br \/>\nWer sich das komplette Machwerk mal anschauen m\u00f6chte, kann es sich <a title=\"Liberales Sparbuch 2009\" href=\"http:\/\/www.juergen-koppelin.de\/files\/12773\/Liberales_Sparbuch_2009.pdf\" target=\"_blank\">runterladen<\/a> (32,7 MB).<\/p>\n<p>Von 1998 bis 2009 wurde dieses Ministerium von Heidemarie Wieczorek-Zeul (SPD) gef\u00fchrt. Dann kam die Bundestagswahl 2009.<\/p>\n<blockquote><p>Die FDP war urspr\u00fcnglich mit dem Vorhaben in die Koalitionsverhandlungen mit der CDU\/CSU gegangen, das Entwicklungsministerium aufzul\u00f6sen und in das Ausw\u00e4rtige Amt zu integrieren.<br \/>\n<a title=\"EPO - Entwicklungspolitik online\" href=\"http:\/\/www.epo.de\/index.php?option=com_content&amp;view=article&amp;id=5524:fdp-qgeneralq-niebel-wird-entwicklungsminister&amp;catid=99:topnews\" target=\"_blank\">Quelle<\/a><\/p><\/blockquote>\n<p>Kaum an der Macht hatte man es sich bei der FDP jedoch anscheinend anders \u00fcberlegt, denn nun sollte einer der ihren das Bundesministerium f\u00fchren &#8211; n\u00e4mlich der Generalsekret\u00e4r <a title=\"Wikipedia, Dirk Niebel\" href=\"http:\/\/de.wikipedia.org\/wiki\/Dirk_Niebel\" target=\"_blank\">Dirk Niebel<\/a>. Ihm zur Seite steht als Parlamentarische <a title=\"Wikipedia, Staatssekret\u00e4r\" href=\"http:\/\/de.wikipedia.org\/wiki\/Staatssekret%C3%A4r\" target=\"_blank\">Staatssekret\u00e4rin<\/a> Gudrun Kopp aus Lage.<\/p>\n<blockquote><p>Laut Steuerzahlerbund kostet jeder einzelne Parlamentarische Staatssekret\u00e4r die Steuerzahler j\u00e4hrlich etwa eine halbe Million Euro, wenn Amtsgeh\u00e4lter, Sekretariat, Personal, Sachbearbeiter und Dienstwagen eingerechnet werden.<br \/>\nQuelle: Wikipedia<\/p><\/blockquote>\n<p>Und bei <a title=\"Wikipedia, Gudrun Kopp\" href=\"http:\/\/de.wikipedia.org\/wiki\/Gudrun_Kopp_%28MdB%29\" target=\"_blank\">Gudrun Kopp<\/a> bin ich aufmerksam geworden, hatte ich doch nur Minuten zuvor im Lagenser Postillon einen Bericht \u00fcberflogen, bei dem ich die auf einem Foto posierende Gesellschaft im Fernsehbericht bei Panorama wiedererkannt hatte. Da sah man Frau Kopp umringt von hochrangigen G\u00e4sten der FDP Spitze, und wie sie von ihrer n\u00e4chsten Reise nach Indien sprach, um dort irgendwelche Wasserleitungen zu reparieren.<\/p>\n<h6 style=\"text-align: center;\"><a href=\"http:\/\/kochsiek.org\/blog\/wp-content\/uploads\/2010\/01\/screenshot_panorama_20100121.jpg\"><img loading=\"lazy\" decoding=\"async\" class=\"aligncenter size-medium wp-image-2095\" title=\"Screenshot Panorama 21.01.2010\" src=\"http:\/\/kochsiek.org\/blog\/wp-content\/uploads\/2010\/01\/screenshot_panorama_20100121-300x170.jpg\" alt=\"\" width=\"300\" height=\"170\" srcset=\"http:\/\/kochsiek.org\/blog\/wp-content\/uploads\/2010\/01\/screenshot_panorama_20100121-300x170.jpg 300w, http:\/\/kochsiek.org\/blog\/wp-content\/uploads\/2010\/01\/screenshot_panorama_20100121.jpg 960w\" sizes=\"(max-width: 300px) 100vw, 300px\" \/><\/a><span style=\"color: #888888;\">Screenshot: ARD, Panorama (c) NDR<\/span><\/h6>\n<p>In dem Panorama-Beitrag wurde Frau Kopp dann u.a. gefragt, wie es denn passen w\u00fcrde, dass das Entwicklungshilfeministerium nun von der FDP gef\u00fchrt wird, obwohl im Wahlkampf noch dessen Abschaffung gefordert wurde.<\/p>\n<blockquote><p><strong>Gudrun Kopp:<\/strong> Ich sage sehr selbstbewu\u00dft: Ich bin mein Geld wert, das hei\u00dft ich setze voll auf Leistung.<br \/>\n<strong>Panorama:<\/strong> Aber wenn man vor der Wahl verspricht oder sagt, man spart dann einen Staatssekret\u00e4r ein und macht es nach der Wahl nicht, ist das in Ordnung?<br \/>\n<strong>Gudrun Kopp:<\/strong> Ach wissen Sie, vor der Wahl und nach der Wahl. Ich glaube, wir sind die letzten, denen man vorwerfen k\u00f6nnte, sie w\u00fcrden irgendeine Zusage nicht einhalten.<\/p><\/blockquote>\n<p>Wie frech und hochn\u00e4sig Politiker sich die Themen aussuchen, zu denen sie etwas sagen wollen oder halt auch nicht, ist in dem Beitrag auch deutlich geworden. Als unser aktueller Au\u00dfenminister Guido Westerwelle auf einer Veranstaltung in D\u00fcsseldorf von einem Panorama-Reporter auf das Thema <em>Versprechen im Liberalen Sparbuch 2009<\/em> angesprochen wird (nachdem eine schriftliche Interviewanfrage nat\u00fcrlich abgelehnt wurde), entgegnet dieser im raschen Vorbeigehen nur<\/p>\n<blockquote><p>Herzlichen Dank f\u00fcr Ihr Interesse. Ich habe hier gerade eine Rede gehalten und Sie haben ja alles geh\u00f6rt. Danke sch\u00f6n.<\/p><\/blockquote>\n<p>Der Schlu\u00df des Beitrags zitiert dann Guido Westerwelle aus Oppositionszeiten.<\/p>\n<blockquote><p>Kein einziger dieser Einsparungsvorschl\u00e4ge &#8211; es waren fast 400 &#8211; ist \u00fcberhaupt nur \u00fcbernommen worden, geschweige denn mal diskutiert worden. Das ist eben die Arroganz der Macht. Und wenn die Koaliton so gro\u00df ist, dann verliert man den Respekt nat\u00fcrlich auch gegen\u00fcber dem W\u00e4hler, dem Volk und wie wir leider feststellen m\u00fcssen oft genug auch gegen\u00fcber der Verfassung.<\/p><\/blockquote>\n<p>Den kompletten Beitrag kann man in der (durch die GEZ finanzierte) <a title=\"Panorama 21.01.2010\" href=\"http:\/\/www.ardmediathek.de\/ard\/servlet\/content\/3517136?documentId=3687922\" target=\"_blank\">ARD Mediathek anschauen<\/a>.<\/p>\n<p>Im Panorama <a title=\"Panorama Blog\" href=\"http:\/\/panorama.blog.ndr.de\/2010\/01\/21\/sparen-a-la-fdp-viel-versprochen-wenig-gehalten\/\" target=\"_blank\">Blog<\/a> wird flei\u00dfig dar\u00fcber diskutiert.<\/p>\n","protected":false},"excerpt":{"rendered":"<p>Ich habe gerade einen Beitrag der Sendung Panorama in der ARD gesehen. Es ging um das von der Bundestagsfraktion der FDP im Vorfeld der letzten Bundestagswahl vorgestellte Sparbuch 2009. In diesem Dokument haben verschiedene Gremien der FDP ca. 400 Vorschl\u00e4ge &hellip; <a href=\"http:\/\/kochsiek.org\/blog\/2010\/01\/22\/liberales-spasbuch-2009\/\">Weiterlesen <span class=\"meta-nav\">&rarr;<\/span><\/a><\/p>\n","protected":false},"author":2,"featured_media":0,"comment_status":"open","ping_status":"open","sticky":false,"template":"","format":"standard","meta":{"ngg_post_thumbnail":0,"footnotes":""},"categories":[32,162],"tags":[1157,79,1154,1155,230,581,1153,1156,1152],"jetpack_sharing_enabled":true,"jetpack_featured_media_url":"","_links":{"self":[{"href":"http:\/\/kochsiek.org\/blog\/wp-json\/wp\/v2\/posts\/2094"}],"collection":[{"href":"http:\/\/kochsiek.org\/blog\/wp-json\/wp\/v2\/posts"}],"about":[{"href":"http:\/\/kochsiek.org\/blog\/wp-json\/wp\/v2\/types\/post"}],"author":[{"embeddable":true,"href":"http:\/\/kochsiek.org\/blog\/wp-json\/wp\/v2\/users\/2"}],"replies":[{"embeddable":true,"href":"http:\/\/kochsiek.org\/blog\/wp-json\/wp\/v2\/comments?post=2094"}],"version-history":[{"count":2,"href":"http:\/\/kochsiek.org\/blog\/wp-json\/wp\/v2\/posts\/2094\/revisions"}],"predecessor-version":[{"id":2099,"href":"http:\/\/kochsiek.org\/blog\/wp-json\/wp\/v2\/posts\/2094\/revisions\/2099"}],"wp:attachment":[{"href":"http:\/\/kochsiek.org\/blog\/wp-json\/wp\/v2\/media?parent=2094"}],"wp:term":[{"taxonomy":"category","embeddable":true,"href":"http:\/\/kochsiek.org\/blog\/wp-json\/wp\/v2\/categories?post=2094"},{"taxonomy":"post_tag","embeddable":true,"href":"http:\/\/kochsiek.org\/blog\/wp-json\/wp\/v2\/tags?post=2094"}],"curies":[{"name":"wp","href":"https:\/\/api.w.org\/{rel}","templated":true}]}}