{"id":1983,"date":"2010-01-14T00:17:40","date_gmt":"2010-01-13T23:17:40","guid":{"rendered":"http:\/\/kochsiek.org\/blog\/?p=1983"},"modified":"2010-01-14T12:54:11","modified_gmt":"2010-01-14T11:54:11","slug":"schleich-dich","status":"publish","type":"post","link":"http:\/\/kochsiek.org\/blog\/2010\/01\/14\/schleich-dich\/","title":{"rendered":"Schleich Dich!"},"content":{"rendered":"<p>Kennt jemand die <a title=\"Schleich GmbH\" href=\"http:\/\/www.schleich.de\" target=\"_blank\">Schleich GmbH<\/a>? Nein, nicht den Hersteller von Elektro-Testern. Den Hersteller von diesen kleinen, bemalten <a title=\"Schleich GmbH\" href=\"http:\/\/www.schleich-s.de\/\" target=\"_blank\">Hartplastik-Tieren<\/a>.<\/p>\n<p>Preisfrage: Was haben diese in Tunesien bemalten, realistisch anmutenden Tierfiguren mit den <a title=\"Die Schleichb\u00e4ren\" href=\"http:\/\/www.dieschleichb\u00e4ren.de\" target=\"_blank\">Schleichb\u00e4ren<\/a> gemeinsam (jetzt mal vom Namen abgesehen)? Richtig, nicht das geringste.<\/p>\n<p><a href=\"http:\/\/kochsiek.org\/blog\/wp-content\/uploads\/2010\/01\/schleichbaeren.jpg\"><img loading=\"lazy\" decoding=\"async\" class=\"alignleft size-medium wp-image-1986\" title=\"Monika Schleich\" src=\"http:\/\/kochsiek.org\/blog\/wp-content\/uploads\/2010\/01\/schleichbaeren-199x300.jpg\" alt=\"\" width=\"95\" height=\"144\" srcset=\"http:\/\/kochsiek.org\/blog\/wp-content\/uploads\/2010\/01\/schleichbaeren-199x300.jpg 199w, http:\/\/kochsiek.org\/blog\/wp-content\/uploads\/2010\/01\/schleichbaeren.jpg 285w\" sizes=\"(max-width: 95px) 100vw, 95px\" \/><\/a>Die B\u00e4renmutter, Monika Schleich, bastelt schon seit 9 Jahren in Handarbeit die kleinen <a title=\"KuscheltierNews\" href=\"http:\/\/www.kuscheltiernews.info\/vorgestellt_monika_schleich.html\" target=\"_blank\">Teddys<\/a>, die sie auch verkauft (ok, zur Adoption gegen Geb\u00fchr freigibt trifft es wohl eher). Nach eigenen Angaben erwirtschaftet sie damit einen Gewinn von 500 &#8211; 700 Euro pro Jahr. Die Schleich GmbH (Umsatz ca. 15 Mio. Euro) hat von ihrer Existenz nur deshalb etwas bemerkt, weil sie den Namen <em>Die Schleichb\u00e4ren<\/em> beim <a title=\"Deutsches Patent- und Markenamt\" href=\"http:\/\/www.dpma.de\/\" target=\"_blank\">Deutschen Patent- und Markenamt<\/a> hat eintragen lassen,<\/p>\n<blockquote><p>um so das Zeichen f\u00fcr sich zu monopolisieren. Und zwar in unserem Kerngesch\u00e4ftsfeld Spielwaren.<\/p><\/blockquote>\n<p>wie Nina Hesse, die Marketingmanagerin der Spielwarenfirma, angibt.<\/p>\n<p>Was macht man als anst\u00e4ndiger Deutscher Mittelst\u00e4ndler, wenn man gewahr wird, dass da jemand das eigene Kerngesch\u00e4ft ganz fies durch die Hintert\u00fcr angreift und den eigenen Umsatz abgraben will? Na klar, man schreibt erst mal einen netten Brief und regt an, doch den eigenen Namen bitte nicht f\u00fcr die selbst hergestellten Teddyb\u00e4ren zu nutzen. <em>Monikas B\u00e4ren<\/em> h\u00f6rt sich doch auch ganz nett an. Frau Schleich h\u00e4ngt aber an ihren B\u00e4ren und m\u00f6chte eigentlich weder deren Namen \u00e4ndern, noch der Firma Schleich in irgendeiner Weise Konkurrenz machen. Zugute halten muss man der Firma, dass nicht gleich die gro\u00dfe Abmahnungs-Schiene eingeschlagen wurde und sofort mit dem ersten Schreiben die Anwaltskosten in Rechnung gestellt werden. Aber verstehen kann man Frau Schleich, dass sie nicht klein beigeben will. Jetzt soll der Anspruch also gerichtlich gekl\u00e4rt werden. Was ich pers\u00f6nlich nicht verstehen kann, ist der von der Firma festgesetzte Streitwert &#8211; 250.000,- Euro. Da muss die gute Frau lange f\u00fcr <span style=\"text-decoration: line-through;\">Stricken<\/span> N\u00e4hen.<\/p>\n<p>Das Dumme nur ist, dass das Internetz jetzt auf den Fall <a title=\"Spiegel Online\" href=\"http:\/\/www.spiegel.de\/wirtschaft\/unternehmen\/0,1518,671570,00.html\" target=\"_blank\">aufmerksam<\/a> geworden ist. Und wenn das erstmal <a title=\"Abmahnungen im Internet\" href=\"http:\/\/www.sueddeutsche.de\/computer\/132\/499409\/text\/\" target=\"_blank\">durch die Bloggosph\u00e4re gegangen<\/a> ist, dann wird sich das Unternehmen vielleicht auch w\u00fcnschen, den ersten Brief mit der Bitte um Aufgabe des Namens nie geschrieben zu haben.<\/p>\n","protected":false},"excerpt":{"rendered":"<p>Kennt jemand die Schleich GmbH? Nein, nicht den Hersteller von Elektro-Testern. Den Hersteller von diesen kleinen, bemalten Hartplastik-Tieren. Preisfrage: Was haben diese in Tunesien bemalten, realistisch anmutenden Tierfiguren mit den Schleichb\u00e4ren gemeinsam (jetzt mal vom Namen abgesehen)? Richtig, nicht das &hellip; <a href=\"http:\/\/kochsiek.org\/blog\/2010\/01\/14\/schleich-dich\/\">Weiterlesen <span class=\"meta-nav\">&rarr;<\/span><\/a><\/p>\n","protected":false},"author":2,"featured_media":0,"comment_status":"open","ping_status":"open","sticky":false,"template":"","format":"standard","meta":{"ngg_post_thumbnail":0,"footnotes":""},"categories":[116],"tags":[1113,1111,1114,1115,1112,1110],"jetpack_sharing_enabled":true,"jetpack_featured_media_url":"","_links":{"self":[{"href":"http:\/\/kochsiek.org\/blog\/wp-json\/wp\/v2\/posts\/1983"}],"collection":[{"href":"http:\/\/kochsiek.org\/blog\/wp-json\/wp\/v2\/posts"}],"about":[{"href":"http:\/\/kochsiek.org\/blog\/wp-json\/wp\/v2\/types\/post"}],"author":[{"embeddable":true,"href":"http:\/\/kochsiek.org\/blog\/wp-json\/wp\/v2\/users\/2"}],"replies":[{"embeddable":true,"href":"http:\/\/kochsiek.org\/blog\/wp-json\/wp\/v2\/comments?post=1983"}],"version-history":[{"count":6,"href":"http:\/\/kochsiek.org\/blog\/wp-json\/wp\/v2\/posts\/1983\/revisions"}],"predecessor-version":[{"id":1987,"href":"http:\/\/kochsiek.org\/blog\/wp-json\/wp\/v2\/posts\/1983\/revisions\/1987"}],"wp:attachment":[{"href":"http:\/\/kochsiek.org\/blog\/wp-json\/wp\/v2\/media?parent=1983"}],"wp:term":[{"taxonomy":"category","embeddable":true,"href":"http:\/\/kochsiek.org\/blog\/wp-json\/wp\/v2\/categories?post=1983"},{"taxonomy":"post_tag","embeddable":true,"href":"http:\/\/kochsiek.org\/blog\/wp-json\/wp\/v2\/tags?post=1983"}],"curies":[{"name":"wp","href":"https:\/\/api.w.org\/{rel}","templated":true}]}}