{"id":1927,"date":"2010-01-05T19:53:35","date_gmt":"2010-01-05T18:53:35","guid":{"rendered":"http:\/\/kochsiek.org\/blog\/?p=1927"},"modified":"2010-01-05T19:53:35","modified_gmt":"2010-01-05T18:53:35","slug":"kochsiek-org-in-den-printmedien-3","status":"publish","type":"post","link":"http:\/\/kochsiek.org\/blog\/2010\/01\/05\/kochsiek-org-in-den-printmedien-3\/","title":{"rendered":"Kochsiek.org in den Printmedien (3)"},"content":{"rendered":"<p>Naja, dieses Mal ist es zugegebenerma\u00dfen nicht das Blog, was in der Lippischen Landeszeitung erw\u00e4hnt wird, nicht mal sein Betreiber wird genannt. Es ist nur ein Zufallstreffer in einem Artikel der heutigen LZ Ausgabe. Dort berichtet Herr Becker \u00fcber einen Unfall, der sich gestern morgen auf der Kreuzung Lange Stra\u00dfe \/ Stauffenbergstra\u00dfe \/ Friedrich-Petri-Stra\u00dfe ereignete. Ein Lkw hat einen VW Golf gek\u00fcsst, kein Personen- und nur leichter Sachschaden entstand.<\/p>\n<p>Und just in dem Moment, wo der flei\u00dfige LZ Mitarbeiter das Foto zur Bebilderung des Artikels geschossen hat, huscht meine Wenigkeit mit dem Auto (der schwarze BMW im Hindergrund) in die Fu\u00dfg\u00e4ngerzone der Langen Stra\u00dfe. Da war ich grade auf dem Weg zur Apotheke.<\/p>\n<p><a href=\"http:\/\/kochsiek.org\/blog\/wp-content\/uploads\/2010\/01\/lz_20100104_unfall_lage_foto.jpg\"><img loading=\"lazy\" decoding=\"async\" class=\"aligncenter size-medium wp-image-1928\" title=\"Unfall in Lage am 04.01.2010\" src=\"http:\/\/kochsiek.org\/blog\/wp-content\/uploads\/2010\/01\/lz_20100104_unfall_lage_foto-300x166.jpg\" alt=\"\" width=\"300\" height=\"166\" srcset=\"http:\/\/kochsiek.org\/blog\/wp-content\/uploads\/2010\/01\/lz_20100104_unfall_lage_foto-300x166.jpg 300w, http:\/\/kochsiek.org\/blog\/wp-content\/uploads\/2010\/01\/lz_20100104_unfall_lage_foto.jpg 567w\" sizes=\"(max-width: 300px) 100vw, 300px\" \/><\/a><\/p>\n<h6 style=\"text-align: center;\"><span style=\"color: #888888;\">Foto: Becker<br \/>\n(c) Lippische Landeszeitung<\/span><\/h6>\n","protected":false},"excerpt":{"rendered":"<p>Naja, dieses Mal ist es zugegebenerma\u00dfen nicht das Blog, was in der Lippischen Landeszeitung erw\u00e4hnt wird, nicht mal sein Betreiber wird genannt. Es ist nur ein Zufallstreffer in einem Artikel der heutigen LZ Ausgabe. Dort berichtet Herr Becker \u00fcber einen &hellip; <a href=\"http:\/\/kochsiek.org\/blog\/2010\/01\/05\/kochsiek-org-in-den-printmedien-3\/\">Weiterlesen <span class=\"meta-nav\">&rarr;<\/span><\/a><\/p>\n","protected":false},"author":2,"featured_media":0,"comment_status":"open","ping_status":"open","sticky":false,"template":"","format":"standard","meta":{"ngg_post_thumbnail":0,"footnotes":""},"categories":[9],"tags":[1070,232,1069,382,712,1068,277],"jetpack_sharing_enabled":true,"jetpack_featured_media_url":"","_links":{"self":[{"href":"http:\/\/kochsiek.org\/blog\/wp-json\/wp\/v2\/posts\/1927"}],"collection":[{"href":"http:\/\/kochsiek.org\/blog\/wp-json\/wp\/v2\/posts"}],"about":[{"href":"http:\/\/kochsiek.org\/blog\/wp-json\/wp\/v2\/types\/post"}],"author":[{"embeddable":true,"href":"http:\/\/kochsiek.org\/blog\/wp-json\/wp\/v2\/users\/2"}],"replies":[{"embeddable":true,"href":"http:\/\/kochsiek.org\/blog\/wp-json\/wp\/v2\/comments?post=1927"}],"version-history":[{"count":3,"href":"http:\/\/kochsiek.org\/blog\/wp-json\/wp\/v2\/posts\/1927\/revisions"}],"predecessor-version":[{"id":1931,"href":"http:\/\/kochsiek.org\/blog\/wp-json\/wp\/v2\/posts\/1927\/revisions\/1931"}],"wp:attachment":[{"href":"http:\/\/kochsiek.org\/blog\/wp-json\/wp\/v2\/media?parent=1927"}],"wp:term":[{"taxonomy":"category","embeddable":true,"href":"http:\/\/kochsiek.org\/blog\/wp-json\/wp\/v2\/categories?post=1927"},{"taxonomy":"post_tag","embeddable":true,"href":"http:\/\/kochsiek.org\/blog\/wp-json\/wp\/v2\/tags?post=1927"}],"curies":[{"name":"wp","href":"https:\/\/api.w.org\/{rel}","templated":true}]}}