{"id":177,"date":"2009-05-23T10:03:19","date_gmt":"2009-05-23T08:03:19","guid":{"rendered":"http:\/\/kochsiek.org\/blog\/?p=177"},"modified":"2009-05-23T10:04:28","modified_gmt":"2009-05-23T08:04:28","slug":"endlich-wieder-18%c2%b0-warmes-wasser","status":"publish","type":"post","link":"http:\/\/kochsiek.org\/blog\/2009\/05\/23\/endlich-wieder-18%c2%b0-warmes-wasser\/","title":{"rendered":"Endlich wieder 18\u00b0 warmes Wasser!"},"content":{"rendered":"<p>Die Freib\u00e4der in Lage und H\u00f6rst \u00f6ffnen in diesem Jahr vom 21. Mai bis zum 31. August t\u00e4glich von 10-19 Uhr ihre Tore. Das Hallenbad ist in dieser Zeit geschlossen.<\/p>\n","protected":false},"excerpt":{"rendered":"<p>Die Freib\u00e4der in Lage und H\u00f6rst \u00f6ffnen in diesem Jahr vom 21. Mai bis zum 31. August t\u00e4glich von 10-19 Uhr ihre Tore. Das Hallenbad ist in dieser Zeit geschlossen.<\/p>\n","protected":false},"author":2,"featured_media":0,"comment_status":"open","ping_status":"open","sticky":false,"template":"","format":"standard","meta":{"ngg_post_thumbnail":0,"footnotes":""},"categories":[32],"tags":[54,55],"jetpack_sharing_enabled":true,"jetpack_featured_media_url":"","_links":{"self":[{"href":"http:\/\/kochsiek.org\/blog\/wp-json\/wp\/v2\/posts\/177"}],"collection":[{"href":"http:\/\/kochsiek.org\/blog\/wp-json\/wp\/v2\/posts"}],"about":[{"href":"http:\/\/kochsiek.org\/blog\/wp-json\/wp\/v2\/types\/post"}],"author":[{"embeddable":true,"href":"http:\/\/kochsiek.org\/blog\/wp-json\/wp\/v2\/users\/2"}],"replies":[{"embeddable":true,"href":"http:\/\/kochsiek.org\/blog\/wp-json\/wp\/v2\/comments?post=177"}],"version-history":[{"count":2,"href":"http:\/\/kochsiek.org\/blog\/wp-json\/wp\/v2\/posts\/177\/revisions"}],"predecessor-version":[{"id":179,"href":"http:\/\/kochsiek.org\/blog\/wp-json\/wp\/v2\/posts\/177\/revisions\/179"}],"wp:attachment":[{"href":"http:\/\/kochsiek.org\/blog\/wp-json\/wp\/v2\/media?parent=177"}],"wp:term":[{"taxonomy":"category","embeddable":true,"href":"http:\/\/kochsiek.org\/blog\/wp-json\/wp\/v2\/categories?post=177"},{"taxonomy":"post_tag","embeddable":true,"href":"http:\/\/kochsiek.org\/blog\/wp-json\/wp\/v2\/tags?post=177"}],"curies":[{"name":"wp","href":"https:\/\/api.w.org\/{rel}","templated":true}]}}