{"id":1633,"date":"2009-12-03T22:59:51","date_gmt":"2009-12-03T21:59:51","guid":{"rendered":"http:\/\/kochsiek.org\/blog\/?p=1633"},"modified":"2009-12-03T23:01:28","modified_gmt":"2009-12-03T22:01:28","slug":"kochsiek-org-in-den-printmedien","status":"publish","type":"post","link":"http:\/\/kochsiek.org\/blog\/2009\/12\/03\/kochsiek-org-in-den-printmedien\/","title":{"rendered":"Kochsiek.org in den Printmedien"},"content":{"rendered":"<p>Anfang November hatte ich ja dar\u00fcber <a title=\"Kochsiek.org im Postillon\" href=\"http:\/\/kochsiek.org\/blog\/2009\/11\/05\/ich-komme-meinem-ziel-immer-naher\/\" target=\"_blank\">geschrieben<\/a>, wie ich &#8211; bzw. einer meiner Artikel &#8211; im <a title=\"Postillon Lage\" href=\"http:\/\/www.postillon.com\/php\/index.php3\" target=\"_blank\">Postillon<\/a> erw\u00e4hnt wurde. In dem selben Beitrag \u00e4usserte ich meine Hoffnung, demn\u00e4chst auch mal mit einem Link im Artikel bedacht zu werden.<\/p>\n<p>In der Ausgabe vom heutigen Donnerstag war es dann soweit. Unter der \u00dcberschrift <em>In eigener Sache<\/em> schreiben die beiden Herausgeber des Postillons, Peter Thiele und Karl-Heinz Wittwer, \u00fcber die vor ein paar Tagen erfolgten Festnahmen der Tatverd\u00e4chtigen der Einbruchserie in und um Lage. Und was sehe ich da?<\/p>\n<p><a href=\"http:\/\/kochsiek.org\/blog\/wp-content\/uploads\/2009\/12\/Postillon_20091203.jpg\"><img loading=\"lazy\" decoding=\"async\" class=\"aligncenter size-medium wp-image-1632\" title=\"Postillon 03.12.2009\" src=\"http:\/\/kochsiek.org\/blog\/wp-content\/uploads\/2009\/12\/Postillon_20091203-300x179.jpg\" alt=\"Postillon 03.12.2009\" width=\"300\" height=\"179\" srcset=\"http:\/\/kochsiek.org\/blog\/wp-content\/uploads\/2009\/12\/Postillon_20091203-300x179.jpg 300w, http:\/\/kochsiek.org\/blog\/wp-content\/uploads\/2009\/12\/Postillon_20091203.jpg 407w\" sizes=\"(max-width: 300px) 100vw, 300px\" \/><\/a><\/p>\n<p>Leider hat sich da ein kleiner Tippfehler eingeschlichen. Denn unter kachtenhausen.de\/blog wird der geneigte Leser leider nicht f\u00fcndig werden. Auch ein Klick auf kochsiek.org (ohne \/blog) klappt nicht &#8230; naja, ich habe mal eine automatische Weiterleitung eingerichtet, die zur richtigen Adresse <a title=\"Rekursiver Link\" href=\"http:\/\/kochsiek.org\/blog\" target=\"_self\">http:\/\/kochsiek.org\/blog<\/a> f\u00fchrt.<\/p>\n<p>Trotzdem\u00a0 <img loading=\"lazy\" decoding=\"async\" class=\"alignnone\" src=\"http:\/\/www.wuerziworld.de\/Smilies\/schild\/sd11.gif\" alt=\"\" width=\"50\" height=\"40\" \/> f\u00fcr die Erw\u00e4hnung!!<\/p>\n","protected":false},"excerpt":{"rendered":"<p>Anfang November hatte ich ja dar\u00fcber geschrieben, wie ich &#8211; bzw. einer meiner Artikel &#8211; im Postillon erw\u00e4hnt wurde. In dem selben Beitrag \u00e4usserte ich meine Hoffnung, demn\u00e4chst auch mal mit einem Link im Artikel bedacht zu werden. In der &hellip; <a href=\"http:\/\/kochsiek.org\/blog\/2009\/12\/03\/kochsiek-org-in-den-printmedien\/\">Weiterlesen <span class=\"meta-nav\">&rarr;<\/span><\/a><\/p>\n","protected":false},"author":2,"featured_media":0,"comment_status":"open","ping_status":"open","sticky":false,"template":"","format":"standard","meta":{"ngg_post_thumbnail":0,"footnotes":""},"categories":[32],"tags":[34,104,536,913],"jetpack_sharing_enabled":true,"jetpack_featured_media_url":"","_links":{"self":[{"href":"http:\/\/kochsiek.org\/blog\/wp-json\/wp\/v2\/posts\/1633"}],"collection":[{"href":"http:\/\/kochsiek.org\/blog\/wp-json\/wp\/v2\/posts"}],"about":[{"href":"http:\/\/kochsiek.org\/blog\/wp-json\/wp\/v2\/types\/post"}],"author":[{"embeddable":true,"href":"http:\/\/kochsiek.org\/blog\/wp-json\/wp\/v2\/users\/2"}],"replies":[{"embeddable":true,"href":"http:\/\/kochsiek.org\/blog\/wp-json\/wp\/v2\/comments?post=1633"}],"version-history":[{"count":4,"href":"http:\/\/kochsiek.org\/blog\/wp-json\/wp\/v2\/posts\/1633\/revisions"}],"predecessor-version":[{"id":1637,"href":"http:\/\/kochsiek.org\/blog\/wp-json\/wp\/v2\/posts\/1633\/revisions\/1637"}],"wp:attachment":[{"href":"http:\/\/kochsiek.org\/blog\/wp-json\/wp\/v2\/media?parent=1633"}],"wp:term":[{"taxonomy":"category","embeddable":true,"href":"http:\/\/kochsiek.org\/blog\/wp-json\/wp\/v2\/categories?post=1633"},{"taxonomy":"post_tag","embeddable":true,"href":"http:\/\/kochsiek.org\/blog\/wp-json\/wp\/v2\/tags?post=1633"}],"curies":[{"name":"wp","href":"https:\/\/api.w.org\/{rel}","templated":true}]}}