{"id":1578,"date":"2009-11-25T16:32:39","date_gmt":"2009-11-25T15:32:39","guid":{"rendered":"http:\/\/kochsiek.org\/blog\/?p=1578"},"modified":"2009-11-25T12:13:46","modified_gmt":"2009-11-25T11:13:46","slug":"apples-garantie-verstandnis","status":"publish","type":"post","link":"http:\/\/kochsiek.org\/blog\/2009\/11\/25\/apples-garantie-verstandnis\/","title":{"rendered":"Apples Garantie-Verst\u00e4ndnis"},"content":{"rendered":"<p>Wer Apple Produkte wie iPod, iPhone, MacBook oder iMac einsetzt, ist meist ein hipper Yuppie, der seine Freizeit oft im Fitness-Studio nebenan verbringt und gerne gesundes Gr\u00fcnzeug mampft. Rauchen passt da eher nicht in das Gesamtbild.<\/p>\n<p>Dazu passt die bei Spiegel Online entdeckte <a title=\"Keine Garantie f\u00fcr Raucherger\u00e4te\" href=\"http:\/\/www.spiegel.de\/netzwelt\/gadgets\/0,1518,662761,00.html\" target=\"_blank\">Meldung<\/a> von einem Apple Anwender, dessen Reparatur-Anliegen aufgrund der Tatsache versagt wurde, dass am Ger\u00e4t Spuren von Teer und Nikotin gefunden wurden.<\/p>\n<blockquote><p>Man k\u00f6nne das Macbook, das Derek zwecks einer Garantiereparatur in den Store gebracht hat, leider nicht bearbeiten. Zur Begr\u00fcndung hie\u00df es, das Notebook sei wohl in einem Raucherhaushalt verwendet worden, weshalb jeglicher Garantieanspruch hinf\u00e4llig w\u00e4re. Aufgrund von &#8222;Gesundheitsrisiken wegen Mitrauchens&#8220; weigere man sich, \u00fcberhaupt Hand an das Macbook zu legen.<\/p><\/blockquote>\n<p>Besonders sch\u00f6n ist auch die Episode, in der beschrieben wird, wie Apple einem anderen Benutzer von so einem Giftm\u00fcll-Haufen entgegen gekommen ist.<\/p>\n<blockquote><p>[man] vereinbarte einen Fototermin in einem Store. Dort wurde der defekte Rechner von innen und au\u00dfen abgelichtet, um es Spezialisten zu erm\u00f6glichen zu beurteilen, inwieweit der Rechner doch noch repariert werden k\u00f6nne.<\/p><\/blockquote>\n<p>Dass das nicht funktioniert hat, brauche ich wohl nicht extra zu erw\u00e4hnen.<\/p>\n<p>Schlimm ist, dass die Anwender eine ziemlich teure Garantie-Verl\u00e4ngerung abgeschlossen hatten, in deren Bedingungen kein Wort von der Anti-Raucher-Behandlung steht.<\/p>\n<p>Wer sich also beim n\u00e4chsten Telefongespr\u00e4ch mit seinem iPhone eine Zigarrette ansteckt, sollte hoffen, dass das Teil blo\u00df nie kaputt geht &#8211; jedenfalls nicht innerhalb der Garantiezeit.<\/p>\n","protected":false},"excerpt":{"rendered":"<p>Wer Apple Produkte wie iPod, iPhone, MacBook oder iMac einsetzt, ist meist ein hipper Yuppie, der seine Freizeit oft im Fitness-Studio nebenan verbringt und gerne gesundes Gr\u00fcnzeug mampft. Rauchen passt da eher nicht in das Gesamtbild. Dazu passt die bei &hellip; <a href=\"http:\/\/kochsiek.org\/blog\/2009\/11\/25\/apples-garantie-verstandnis\/\">Weiterlesen <span class=\"meta-nav\">&rarr;<\/span><\/a><\/p>\n","protected":false},"author":2,"featured_media":0,"comment_status":"open","ping_status":"open","sticky":false,"template":"","format":"standard","meta":{"ngg_post_thumbnail":0,"footnotes":""},"categories":[116],"tags":[880,593,881,171,350,882,883],"jetpack_sharing_enabled":true,"jetpack_featured_media_url":"","_links":{"self":[{"href":"http:\/\/kochsiek.org\/blog\/wp-json\/wp\/v2\/posts\/1578"}],"collection":[{"href":"http:\/\/kochsiek.org\/blog\/wp-json\/wp\/v2\/posts"}],"about":[{"href":"http:\/\/kochsiek.org\/blog\/wp-json\/wp\/v2\/types\/post"}],"author":[{"embeddable":true,"href":"http:\/\/kochsiek.org\/blog\/wp-json\/wp\/v2\/users\/2"}],"replies":[{"embeddable":true,"href":"http:\/\/kochsiek.org\/blog\/wp-json\/wp\/v2\/comments?post=1578"}],"version-history":[{"count":1,"href":"http:\/\/kochsiek.org\/blog\/wp-json\/wp\/v2\/posts\/1578\/revisions"}],"predecessor-version":[{"id":1579,"href":"http:\/\/kochsiek.org\/blog\/wp-json\/wp\/v2\/posts\/1578\/revisions\/1579"}],"wp:attachment":[{"href":"http:\/\/kochsiek.org\/blog\/wp-json\/wp\/v2\/media?parent=1578"}],"wp:term":[{"taxonomy":"category","embeddable":true,"href":"http:\/\/kochsiek.org\/blog\/wp-json\/wp\/v2\/categories?post=1578"},{"taxonomy":"post_tag","embeddable":true,"href":"http:\/\/kochsiek.org\/blog\/wp-json\/wp\/v2\/tags?post=1578"}],"curies":[{"name":"wp","href":"https:\/\/api.w.org\/{rel}","templated":true}]}}