{"id":1419,"date":"2009-10-29T21:18:21","date_gmt":"2009-10-29T20:18:21","guid":{"rendered":"http:\/\/kochsiek.org\/blog\/?p=1419"},"modified":"2009-10-29T21:24:47","modified_gmt":"2009-10-29T20:24:47","slug":"ey-mon","status":"publish","type":"post","link":"http:\/\/kochsiek.org\/blog\/2009\/10\/29\/ey-mon\/","title":{"rendered":"Ey Mon!"},"content":{"rendered":"<p>In Lage wird es also in den n\u00e4chsten f\u00fcnf Jahren Schwarz-Gelb-Gr\u00fcn zugehen. Die <a title=\"Definition Jamaika-Koalition\" href=\"http:\/\/de.wikipedia.org\/wiki\/Jamaika-Koalition\" target=\"_blank\">Jamaika-Koalition <\/a>im Lagenser Stadtrat ist wohl beschlossene Sache.<\/p>\n<p>Heute stand die erste Ratsitzung auf dem Programm. Und zwar im Lagenser Technikum (Musikschule). B\u00fcrgermeister Christian Liebrecht wurde vom Alterspr\u00e4sidenten des Rates, Dr. Werner Nierle (CDU), vereidigt. Anschlie\u00dfend gab es von der Verwaltung und &#8211; oh Wunder &#8211; der FDP Fraktion jeweils einen Blumenstrau\u00df.<\/p>\n<p>Als stellvertretende B\u00fcrgermeister wurden gew\u00e4hlt<\/p>\n<ul>\n<li>Dr. Werner Nierle (CDU)<\/li>\n<li>Monika Rieke (SPD)<\/li>\n<li>Sabine Fieke (CDU)<\/li>\n<\/ul>\n<p>Es hagelte Blumenstr\u00e4u\u00dfe aus allen Ecken und Fraktionen.<\/p>\n<p>Frau Irmgard Eberhard wurde als Ratsmitglied und ehemalige stellvertretende B\u00fcrgermeisterin von Christian Liebrecht verabschiedet und dabei mit einigen netten Worten und einer langen Aufz\u00e4hlung ihrer zahlreichen \u00c4mter und T\u00e4tigkeiten der letzten Jahre bedacht. Wieder flogen die Blumenstr\u00e4u\u00dfe. Zum Abschluss gab es stehende Ovationen, aufgefallen ist mir allerdings, dass die FWG Fraktion demonstrativ und geschlossen sitzen blieb.<\/p>\n<p>Im Anschluss an die Sitzung gab es f\u00fcr die alten und neuen Ratsmitglieder einen kleinen Umtrunk mit einigen Knabbereien, zu dem auch die anwesenden Beobachter eingeladen wurden.<\/p>\n<p>Die n\u00e4chste regul\u00e4re Ratsitzung ist am 5. November, ebenfalls in der Hauptschule Ma\u00dfbruch (Mehrzweckraum). Danach wird die Aula des Schulzentrum Werreanger wohl wieder soweit fit sein, dass die n\u00e4chsten Sitzungen wieder dort stattfinden k\u00f6nnen. Dann kann ich endlich mal die sauteuren neuen St\u00fchle dort ausprobieren.<\/p>\n<p>Ach ja, zur Baustelle auf der B66 in Kachtenhausen wurde gesagt, dass wohl Anfang n\u00e4chster Woche damit begonnen wird, die Einfahrt zum Bergmann-Gel\u00e4nde zu erstellen. Lange kann es also nicht mehr dauern, bis die elendige Einbahnstra\u00dfen-Regelung aufgehoben wird. Die B\u00e4ckerei B\u00f6ke wird&#8217;s freuen (jedenfalls, wenn sie bis dahin noch nicht pleite gegangen sind).<\/p>\n","protected":false},"excerpt":{"rendered":"<p>In Lage wird es also in den n\u00e4chsten f\u00fcnf Jahren Schwarz-Gelb-Gr\u00fcn zugehen. Die Jamaika-Koalition im Lagenser Stadtrat ist wohl beschlossene Sache. Heute stand die erste Ratsitzung auf dem Programm. Und zwar im Lagenser Technikum (Musikschule). B\u00fcrgermeister Christian Liebrecht wurde vom &hellip; <a href=\"http:\/\/kochsiek.org\/blog\/2009\/10\/29\/ey-mon\/\">Weiterlesen <span class=\"meta-nav\">&rarr;<\/span><\/a><\/p>\n","protected":false},"author":2,"featured_media":0,"comment_status":"open","ping_status":"open","sticky":false,"template":"","format":"standard","meta":{"ngg_post_thumbnail":0,"footnotes":""},"categories":[1,162],"tags":[236,305,786,785,272,784,379,787],"jetpack_sharing_enabled":true,"jetpack_featured_media_url":"","_links":{"self":[{"href":"http:\/\/kochsiek.org\/blog\/wp-json\/wp\/v2\/posts\/1419"}],"collection":[{"href":"http:\/\/kochsiek.org\/blog\/wp-json\/wp\/v2\/posts"}],"about":[{"href":"http:\/\/kochsiek.org\/blog\/wp-json\/wp\/v2\/types\/post"}],"author":[{"embeddable":true,"href":"http:\/\/kochsiek.org\/blog\/wp-json\/wp\/v2\/users\/2"}],"replies":[{"embeddable":true,"href":"http:\/\/kochsiek.org\/blog\/wp-json\/wp\/v2\/comments?post=1419"}],"version-history":[{"count":5,"href":"http:\/\/kochsiek.org\/blog\/wp-json\/wp\/v2\/posts\/1419\/revisions"}],"predecessor-version":[{"id":1445,"href":"http:\/\/kochsiek.org\/blog\/wp-json\/wp\/v2\/posts\/1419\/revisions\/1445"}],"wp:attachment":[{"href":"http:\/\/kochsiek.org\/blog\/wp-json\/wp\/v2\/media?parent=1419"}],"wp:term":[{"taxonomy":"category","embeddable":true,"href":"http:\/\/kochsiek.org\/blog\/wp-json\/wp\/v2\/categories?post=1419"},{"taxonomy":"post_tag","embeddable":true,"href":"http:\/\/kochsiek.org\/blog\/wp-json\/wp\/v2\/tags?post=1419"}],"curies":[{"name":"wp","href":"https:\/\/api.w.org\/{rel}","templated":true}]}}