{"id":141,"date":"2009-05-20T17:26:16","date_gmt":"2009-05-20T15:26:16","guid":{"rendered":"http:\/\/kochsiek.org\/blog\/?p=141"},"modified":"2009-05-20T17:26:16","modified_gmt":"2009-05-20T15:26:16","slug":"freigang-ist-zu-ende","status":"publish","type":"post","link":"http:\/\/kochsiek.org\/blog\/2009\/05\/20\/freigang-ist-zu-ende\/","title":{"rendered":"Freigang ist zu Ende!"},"content":{"rendered":"<p>Da fahr ich doch die Tage gem\u00fctlich durch eine 30-Zone in Wissentrup, so mit 33 km\/h. In einiger Entfernung erkannte ich schon eine junge Mutter, die ihre zwei Spr\u00f6sslinge auf kleinen Fahrr\u00e4dern zu Fu\u00df begleitete. Da an diesem Tag sehr sch\u00f6nes Wetter war, hatte ich meine Fenster ge\u00f6ffnet und konnte gerade noch ein freundliches Gebl\u00f6ke dieser Person in meine Richtung erhaschen, was mir wohl sagen sollte, hier bitte langsam zu fahren. Jetzt ist mir klar, dass ich von einer Frau nicht erwarten kann, die Geschwindigkeit von Fahrzeugen richtig einzusch\u00e4tzen, aber wer meinen Wagen kennt, wei\u00df, dass er nicht gerade durch lautes Motorengeheul oder furchteinfl\u00f6\u00dfendes Aussehen besticht. Ja Ja, diese frischen M\u00fctter. Nat\u00fcrlich greift hier der Urinstinkt, seinen Nachwuchs gegen alle m\u00f6glichen Gefahren zu besch\u00fctzen, aber wissen wir nicht auch alle, dass es gerade diese M\u00fctter sind, die &#8211; nachdem sie ihre Kinder morgens bei unterschiedlichsten Bildungs- und Betreuungseinrichtungen abgegeben haben &#8211; durchschnittlich mit 80 km\/h an Grundschulen und Kinderg\u00e4rten vorbeihetzen, um gerade noch p\u00fcnktlich zu \u201eVera am Mittag\u201c wieder auf dem Sofa sitzen zu k\u00f6nnen.<\/p>\n<p>Festzustellen bleibt also schlussendlich, dass diese Mutter gar nichts f\u00fcr ihr Verhalten kann. Sie hat h\u00f6chstwahrscheinlich jahrelang neben ihrem \u201ePartner auf Freigang\u201c in einem tiefer gelegten Opel Kadett Baujahr `93 gesessen und miterlebt wie er sich in seinem Feinrippunterhemd im Stra\u00dfenverkehr verhalten hat. Jetzt geht sie nat\u00fcrlich, dank dieser Konditionierung (Pawlow l\u00e4sst gr\u00fc\u00dfen!), davon aus, auch eine dicke Backe riskieren zu k\u00f6nnen.<\/p>\n<p>Werner<\/p>\n","protected":false},"excerpt":{"rendered":"<p>Da fahr ich doch die Tage gem\u00fctlich durch eine 30-Zone in Wissentrup, so mit 33 km\/h. In einiger Entfernung erkannte ich schon eine junge Mutter, die ihre zwei Spr\u00f6sslinge auf kleinen Fahrr\u00e4dern zu Fu\u00df begleitete. Da an diesem Tag sehr &hellip; <a href=\"http:\/\/kochsiek.org\/blog\/2009\/05\/20\/freigang-ist-zu-ende\/\">Weiterlesen <span class=\"meta-nav\">&rarr;<\/span><\/a><\/p>\n","protected":false},"author":1,"featured_media":0,"comment_status":"open","ping_status":"open","sticky":false,"template":"","format":"standard","meta":{"ngg_post_thumbnail":0,"footnotes":""},"categories":[9],"tags":[42,21,41],"jetpack_sharing_enabled":true,"jetpack_featured_media_url":"","_links":{"self":[{"href":"http:\/\/kochsiek.org\/blog\/wp-json\/wp\/v2\/posts\/141"}],"collection":[{"href":"http:\/\/kochsiek.org\/blog\/wp-json\/wp\/v2\/posts"}],"about":[{"href":"http:\/\/kochsiek.org\/blog\/wp-json\/wp\/v2\/types\/post"}],"author":[{"embeddable":true,"href":"http:\/\/kochsiek.org\/blog\/wp-json\/wp\/v2\/users\/1"}],"replies":[{"embeddable":true,"href":"http:\/\/kochsiek.org\/blog\/wp-json\/wp\/v2\/comments?post=141"}],"version-history":[{"count":7,"href":"http:\/\/kochsiek.org\/blog\/wp-json\/wp\/v2\/posts\/141\/revisions"}],"predecessor-version":[{"id":166,"href":"http:\/\/kochsiek.org\/blog\/wp-json\/wp\/v2\/posts\/141\/revisions\/166"}],"wp:attachment":[{"href":"http:\/\/kochsiek.org\/blog\/wp-json\/wp\/v2\/media?parent=141"}],"wp:term":[{"taxonomy":"category","embeddable":true,"href":"http:\/\/kochsiek.org\/blog\/wp-json\/wp\/v2\/categories?post=141"},{"taxonomy":"post_tag","embeddable":true,"href":"http:\/\/kochsiek.org\/blog\/wp-json\/wp\/v2\/tags?post=141"}],"curies":[{"name":"wp","href":"https:\/\/api.w.org\/{rel}","templated":true}]}}