{"id":1353,"date":"2009-10-31T23:51:19","date_gmt":"2009-10-31T22:51:19","guid":{"rendered":"http:\/\/kochsiek.org\/blog\/?p=1353"},"modified":"2009-11-01T01:26:56","modified_gmt":"2009-11-01T00:26:56","slug":"atomarer-klimaschutz","status":"publish","type":"post","link":"http:\/\/kochsiek.org\/blog\/2009\/10\/31\/atomarer-klimaschutz\/","title":{"rendered":"Atomarer Klimaschutz"},"content":{"rendered":"<p>Wer ist der<\/p>\n<p><a href=\"http:\/\/kochsiek.org\/blog\/wp-content\/uploads\/2009\/10\/klimaschuetzer_der_woche.jpg\"><img loading=\"lazy\" decoding=\"async\" class=\"aligncenter size-full wp-image-1352\" title=\"Klimasch\u00fctzer der Woche\" src=\"http:\/\/kochsiek.org\/blog\/wp-content\/uploads\/2009\/10\/klimaschuetzer_der_woche.jpg\" alt=\"Klimasch\u00fctzer der Woche\" width=\"478\" height=\"50\" srcset=\"http:\/\/kochsiek.org\/blog\/wp-content\/uploads\/2009\/10\/klimaschuetzer_der_woche.jpg 478w, http:\/\/kochsiek.org\/blog\/wp-content\/uploads\/2009\/10\/klimaschuetzer_der_woche-300x31.jpg 300w\" sizes=\"(max-width: 478px) 100vw, 478px\" \/><\/a><\/p>\n<p>Na, das ist doch wohl klar, oder? Nat\u00fcrlich das<\/p>\n<p><a href=\"http:\/\/kochsiek.org\/blog\/wp-content\/uploads\/2009\/10\/kkw_isar_2.jpg\"><img loading=\"lazy\" decoding=\"async\" class=\"aligncenter size-full wp-image-1351\" title=\"Kernkraftwerk Isar 2\" src=\"http:\/\/kochsiek.org\/blog\/wp-content\/uploads\/2009\/10\/kkw_isar_2.jpg\" alt=\"Kernkraftwerk Isar 2\" width=\"400\" height=\"49\" srcset=\"http:\/\/kochsiek.org\/blog\/wp-content\/uploads\/2009\/10\/kkw_isar_2.jpg 400w, http:\/\/kochsiek.org\/blog\/wp-content\/uploads\/2009\/10\/kkw_isar_2-300x36.jpg 300w\" sizes=\"(max-width: 400px) 100vw, 400px\" \/><\/a><\/p>\n<p>CO2-Aussto\u00df Null komma nix, das ist doch toll!<\/p>\n<p>Unter <a title=\"Klimaschutz?\" href=\"http:\/\/www.klimaschuetzer.de\" target=\"_blank\">www.klimasch\u00fctzer.de<\/a> gibt es noch viele weitere tolle Infos rund um die saubere Alternative zu den b\u00f6sen Kohlekraftwerke in Deutschland.<\/p>\n<p>Wenigstens verklappen wir korrekten Deutschen das kleine, unbedeutende <a title=\"Ab in die Graue (oder Gelbe) Tonne!\" href=\"http:\/\/de.wikipedia.org\/wiki\/Radioaktiver_Abfall\" target=\"_blank\">Nebenprodukt<\/a> des Atomstroms nicht einfach nach <a title=\"Vive la France!\" href=\"http:\/\/www.n-tv.de\/politik\/Frankreichs-Muell-in-Russland-article544221.html\" target=\"_blank\">Sibirien<\/a>, wie unsere frankophonen Nachbarn. Wir haben daf\u00fcr (Tod-) sichere <a title=\"Die Asse hat auch bald kein Dach mehr.\" href=\"http:\/\/www.abendblatt.de\/region\/norddeutschland\/article1221301\/Decke-im-Atomlager-stuerzt-ein-aber-keine-akute-Gefahr.html\" target=\"_blank\">End<span style=\"text-decoration: line-through;\">l\u00f6sungen<\/span>lager<\/a>.<\/p>\n<p>Ach ja, wen es interessiert, die beiden Ausschnitte oben stammen von einem <a title=\"Klimasch\u00fctzer der Woche\" href=\"http:\/\/www.klimaschuetzer.de\/klimaschuetzer\/documentpool\/Klimaschuetzer_Isar2_qp.pdf\" target=\"_blank\">Poster<\/a>, das herausgegeben wurde von &#8230; von wem doch gleich? Ahhh, genau! Vom<\/p>\n<p><a title=\"Kernenergie.de\" href=\"http:\/\/www.kernenergie.de\" target=\"_blank\"><img loading=\"lazy\" decoding=\"async\" class=\"aligncenter size-full wp-image-1350\" title=\"Informationskreis KernEnergie\" src=\"http:\/\/kochsiek.org\/blog\/wp-content\/uploads\/2009\/10\/informationskreis_kernenergie.jpg\" alt=\"Informationskreis KernEnergie\" width=\"128\" height=\"101\" \/><\/a><\/p>\n<p>Puh! Und ich dachte schon, das w\u00e4re jetzt Lobbyarbeit gewesen oder so &#8230;<\/p>\n","protected":false},"excerpt":{"rendered":"<p>Wer ist der Na, das ist doch wohl klar, oder? Nat\u00fcrlich das CO2-Aussto\u00df Null komma nix, das ist doch toll! Unter www.klimasch\u00fctzer.de gibt es noch viele weitere tolle Infos rund um die saubere Alternative zu den b\u00f6sen Kohlekraftwerke in Deutschland. &hellip; <a href=\"http:\/\/kochsiek.org\/blog\/2009\/10\/31\/atomarer-klimaschutz\/\">Weiterlesen <span class=\"meta-nav\">&rarr;<\/span><\/a><\/p>\n","protected":false},"author":2,"featured_media":0,"comment_status":"open","ping_status":"open","sticky":false,"template":"","format":"standard","meta":{"ngg_post_thumbnail":0,"footnotes":""},"categories":[389],"tags":[732,729,730,735,733,731,736,734],"jetpack_sharing_enabled":true,"jetpack_featured_media_url":"","_links":{"self":[{"href":"http:\/\/kochsiek.org\/blog\/wp-json\/wp\/v2\/posts\/1353"}],"collection":[{"href":"http:\/\/kochsiek.org\/blog\/wp-json\/wp\/v2\/posts"}],"about":[{"href":"http:\/\/kochsiek.org\/blog\/wp-json\/wp\/v2\/types\/post"}],"author":[{"embeddable":true,"href":"http:\/\/kochsiek.org\/blog\/wp-json\/wp\/v2\/users\/2"}],"replies":[{"embeddable":true,"href":"http:\/\/kochsiek.org\/blog\/wp-json\/wp\/v2\/comments?post=1353"}],"version-history":[{"count":4,"href":"http:\/\/kochsiek.org\/blog\/wp-json\/wp\/v2\/posts\/1353\/revisions"}],"predecessor-version":[{"id":1450,"href":"http:\/\/kochsiek.org\/blog\/wp-json\/wp\/v2\/posts\/1353\/revisions\/1450"}],"wp:attachment":[{"href":"http:\/\/kochsiek.org\/blog\/wp-json\/wp\/v2\/media?parent=1353"}],"wp:term":[{"taxonomy":"category","embeddable":true,"href":"http:\/\/kochsiek.org\/blog\/wp-json\/wp\/v2\/categories?post=1353"},{"taxonomy":"post_tag","embeddable":true,"href":"http:\/\/kochsiek.org\/blog\/wp-json\/wp\/v2\/tags?post=1353"}],"curies":[{"name":"wp","href":"https:\/\/api.w.org\/{rel}","templated":true}]}}