{"id":1333,"date":"2009-10-13T14:29:05","date_gmt":"2009-10-13T12:29:05","guid":{"rendered":"http:\/\/kochsiek.org\/blog\/?p=1333"},"modified":"2009-10-13T14:31:16","modified_gmt":"2009-10-13T12:31:16","slug":"ihr-kindle-ein-kommet","status":"publish","type":"post","link":"http:\/\/kochsiek.org\/blog\/2009\/10\/13\/ihr-kindle-ein-kommet\/","title":{"rendered":"Ihr Kindle-ein kommet"},"content":{"rendered":"<p>Wer aktuell die <a title=\"Amazon.de\" href=\"http:\/\/www.amazon.de\" target=\"_blank\">amazon.de<\/a> Webseite ansurft, wird eine gro\u00dfe, nicht zu \u00fcbersehende Anzeige f\u00fcr den <a title=\"Amazon Kindle\" href=\"http:\/\/www.amazon.com\/dp\/B0015T963C\/ref=amb_link_84994853_1?pf_rd_m=A3JWKAKR8XB7XF&amp;pf_rd_s=center-1&amp;pf_rd_r=0XVTE75X9A2JTQX1RQG1&amp;pf_rd_t=101&amp;pf_rd_p=473104493&amp;pf_rd_i=301128\" target=\"_blank\">Kindle<\/a>, Amazon&#8217;s EBook Leseger\u00e4t finden.<\/p>\n<p><a href=\"http:\/\/kochsiek.org\/blog\/wp-content\/uploads\/2009\/10\/kindle_anzeige.jpg\"><img loading=\"lazy\" decoding=\"async\" class=\"aligncenter size-large wp-image-1334\" title=\"Amazon.de - Kindle Anzeige\" src=\"http:\/\/kochsiek.org\/blog\/wp-content\/uploads\/2009\/10\/kindle_anzeige-401x1024.jpg\" alt=\"Amazon.de - Kindle Anzeige\" width=\"401\" height=\"1024\" srcset=\"http:\/\/kochsiek.org\/blog\/wp-content\/uploads\/2009\/10\/kindle_anzeige-401x1024.jpg 401w, http:\/\/kochsiek.org\/blog\/wp-content\/uploads\/2009\/10\/kindle_anzeige-117x300.jpg 117w, http:\/\/kochsiek.org\/blog\/wp-content\/uploads\/2009\/10\/kindle_anzeige.jpg 486w\" sizes=\"(max-width: 401px) 100vw, 401px\" \/><\/a><\/p>\n<p>In den Vereinigten Staaten ist bereits die dritte Generation des Ger\u00e4tes auf dem Markt, nun kommt er auch nach Deutschland. Die lange Verz\u00f6gerung hat wohl daran gelegen, dass zun\u00e4chst ein Mobilfunkunternehmen gefunden werden musste, das die Daten\u00fcbermittlung auf das Ger\u00e4t per UMTS \/ GPRS \/ EDGE erm\u00f6glicht. Und zwar <strong>ohne<\/strong> einen zus\u00e4tzlichen Mobilfunk-Vertrag extra abschlie\u00dfen zu m\u00fcssen.<\/p>\n<p>Der amerikanische Mobilfunk-Provider AT&amp;T hat nun eigene Roaming-Vertr\u00e4ge mit einem oder mehreren Deutschen Providern <a title=\"mehr Infos auf areamobile.de\" href=\"http:\/\/www.areamobile.de\/news\/13191-amazon-bringt-e-book-reader-kindle-nach-deutschland\" target=\"_blank\">abgeschlossen<\/a>, und damit die M\u00f6glichkeit auch f\u00fcr einen Einsatz in Deutschland geschaffen.<\/p>\n<p>Ich bin mal gespannt, ob das Ger\u00e4t auch in Deutschland einen \u00e4hnlichen Hype ausl\u00f6st, wie in den USA.<\/p>\n<div id=\"_mcePaste\" style=\"overflow: hidden; position: absolute; left: -10000px; top: 800px; width: 1px; height: 1px;\">EDGE, GPRS<\/div>\n","protected":false},"excerpt":{"rendered":"<p>Wer aktuell die amazon.de Webseite ansurft, wird eine gro\u00dfe, nicht zu \u00fcbersehende Anzeige f\u00fcr den Kindle, Amazon&#8217;s EBook Leseger\u00e4t finden. In den Vereinigten Staaten ist bereits die dritte Generation des Ger\u00e4tes auf dem Markt, nun kommt er auch nach Deutschland. &hellip; <a href=\"http:\/\/kochsiek.org\/blog\/2009\/10\/13\/ihr-kindle-ein-kommet\/\">Weiterlesen <span class=\"meta-nav\">&rarr;<\/span><\/a><\/p>\n","protected":false},"author":2,"featured_media":0,"comment_status":"open","ping_status":"open","sticky":false,"template":"","format":"standard","meta":{"ngg_post_thumbnail":0,"footnotes":""},"categories":[721],"tags":[722,725,724,723,726,727],"jetpack_sharing_enabled":true,"jetpack_featured_media_url":"","_links":{"self":[{"href":"http:\/\/kochsiek.org\/blog\/wp-json\/wp\/v2\/posts\/1333"}],"collection":[{"href":"http:\/\/kochsiek.org\/blog\/wp-json\/wp\/v2\/posts"}],"about":[{"href":"http:\/\/kochsiek.org\/blog\/wp-json\/wp\/v2\/types\/post"}],"author":[{"embeddable":true,"href":"http:\/\/kochsiek.org\/blog\/wp-json\/wp\/v2\/users\/2"}],"replies":[{"embeddable":true,"href":"http:\/\/kochsiek.org\/blog\/wp-json\/wp\/v2\/comments?post=1333"}],"version-history":[{"count":9,"href":"http:\/\/kochsiek.org\/blog\/wp-json\/wp\/v2\/posts\/1333\/revisions"}],"predecessor-version":[{"id":1377,"href":"http:\/\/kochsiek.org\/blog\/wp-json\/wp\/v2\/posts\/1333\/revisions\/1377"}],"wp:attachment":[{"href":"http:\/\/kochsiek.org\/blog\/wp-json\/wp\/v2\/media?parent=1333"}],"wp:term":[{"taxonomy":"category","embeddable":true,"href":"http:\/\/kochsiek.org\/blog\/wp-json\/wp\/v2\/categories?post=1333"},{"taxonomy":"post_tag","embeddable":true,"href":"http:\/\/kochsiek.org\/blog\/wp-json\/wp\/v2\/tags?post=1333"}],"curies":[{"name":"wp","href":"https:\/\/api.w.org\/{rel}","templated":true}]}}