{"id":1321,"date":"2009-10-09T18:54:37","date_gmt":"2009-10-09T16:54:37","guid":{"rendered":"http:\/\/kochsiek.org\/blog\/?p=1321"},"modified":"2009-10-09T16:28:47","modified_gmt":"2009-10-09T14:28:47","slug":"mcpressemeldung","status":"publish","type":"post","link":"http:\/\/kochsiek.org\/blog\/2009\/10\/09\/mcpressemeldung\/","title":{"rendered":"McPressemeldung"},"content":{"rendered":"<p>Heute steht in der Lippischen Landeszeitung u.a. im Anzeigen-Thema ein Beitrag \u00fcber die Neuer\u00f6ffnung des McDonald&#8217;s Restaurants in Bad Salzuflen (Rudolf-Brandes-Allee). Es geht los mit den Worten<\/p>\n<blockquote><p>Gute Nachrichten auch f\u00fcr die lippischen Fast-Food-Freunde: W\u00e4hrend andere Branchen unter der schwachen Konjunktur leiden, geh\u00f6rt McDonald&#8217;s zu den wenigen Gewinnern. <strong>Durch die gestiegenen Lebensmittelpreise seien die Men\u00fcs zurzeit preiswerter als eine selbst gekochte Mahlzeit, teilte der Konzern mit.<\/strong><\/p><\/blockquote>\n<p>Jetzt mal davon abgesehen, was die Nachricht, McDonald&#8217;s geh\u00f6rt in der schw\u00e4chelnden Fast-Food-Branche zu den wenigen Gewinnern, f\u00fcr die Fast-Food-Freunde in Lippe zu einer guten macht &#8230; In der selben LZ Ausgabe von heute steht auf der ersten Seite im Aufmacher die folgende \u00dcberschrift<\/p>\n<p><a href=\"http:\/\/kochsiek.org\/blog\/wp-content\/uploads\/2009\/10\/LZ_20091009_Lebensmittelpreise.jpg\"><img loading=\"lazy\" decoding=\"async\" class=\"aligncenter size-full wp-image-1323\" title=\"Lebensmittelpreise im freien Fall\" src=\"http:\/\/kochsiek.org\/blog\/wp-content\/uploads\/2009\/10\/LZ_20091009_Lebensmittelpreise.jpg\" alt=\"Lebensmittelpreise im freien Fall\" width=\"596\" height=\"169\" srcset=\"http:\/\/kochsiek.org\/blog\/wp-content\/uploads\/2009\/10\/LZ_20091009_Lebensmittelpreise.jpg 596w, http:\/\/kochsiek.org\/blog\/wp-content\/uploads\/2009\/10\/LZ_20091009_Lebensmittelpreise-300x85.jpg 300w\" sizes=\"(max-width: 596px) 100vw, 596px\" \/><\/a><\/p>\n<p>Bin ich der einzige, der da einen leichten Widerspruch drin sieht?<\/p>\n","protected":false},"excerpt":{"rendered":"<p>Heute steht in der Lippischen Landeszeitung u.a. im Anzeigen-Thema ein Beitrag \u00fcber die Neuer\u00f6ffnung des McDonald&#8217;s Restaurants in Bad Salzuflen (Rudolf-Brandes-Allee). Es geht los mit den Worten Gute Nachrichten auch f\u00fcr die lippischen Fast-Food-Freunde: W\u00e4hrend andere Branchen unter der schwachen &hellip; <a href=\"http:\/\/kochsiek.org\/blog\/2009\/10\/09\/mcpressemeldung\/\">Weiterlesen <span class=\"meta-nav\">&rarr;<\/span><\/a><\/p>\n","protected":false},"author":2,"featured_media":0,"comment_status":"open","ping_status":"open","sticky":false,"template":"","format":"standard","meta":{"ngg_post_thumbnail":0,"footnotes":""},"categories":[714,639],"tags":[459,716,717,715],"jetpack_sharing_enabled":true,"jetpack_featured_media_url":"","_links":{"self":[{"href":"http:\/\/kochsiek.org\/blog\/wp-json\/wp\/v2\/posts\/1321"}],"collection":[{"href":"http:\/\/kochsiek.org\/blog\/wp-json\/wp\/v2\/posts"}],"about":[{"href":"http:\/\/kochsiek.org\/blog\/wp-json\/wp\/v2\/types\/post"}],"author":[{"embeddable":true,"href":"http:\/\/kochsiek.org\/blog\/wp-json\/wp\/v2\/users\/2"}],"replies":[{"embeddable":true,"href":"http:\/\/kochsiek.org\/blog\/wp-json\/wp\/v2\/comments?post=1321"}],"version-history":[{"count":6,"href":"http:\/\/kochsiek.org\/blog\/wp-json\/wp\/v2\/posts\/1321\/revisions"}],"predecessor-version":[{"id":1328,"href":"http:\/\/kochsiek.org\/blog\/wp-json\/wp\/v2\/posts\/1321\/revisions\/1328"}],"wp:attachment":[{"href":"http:\/\/kochsiek.org\/blog\/wp-json\/wp\/v2\/media?parent=1321"}],"wp:term":[{"taxonomy":"category","embeddable":true,"href":"http:\/\/kochsiek.org\/blog\/wp-json\/wp\/v2\/categories?post=1321"},{"taxonomy":"post_tag","embeddable":true,"href":"http:\/\/kochsiek.org\/blog\/wp-json\/wp\/v2\/tags?post=1321"}],"curies":[{"name":"wp","href":"https:\/\/api.w.org\/{rel}","templated":true}]}}