{"id":1204,"date":"2009-09-25T00:12:29","date_gmt":"2009-09-24T22:12:29","guid":{"rendered":"http:\/\/kochsiek.org\/blog\/?p=1204"},"modified":"2009-09-24T17:18:11","modified_gmt":"2009-09-24T15:18:11","slug":"ergebnisse-der-bundestagswahl-2009","status":"publish","type":"post","link":"http:\/\/kochsiek.org\/blog\/2009\/09\/25\/ergebnisse-der-bundestagswahl-2009\/","title":{"rendered":"Ergebnisse der Bundestagswahl 2009"},"content":{"rendered":"<p>Hier einige Infos f\u00fcr den Wahlabend am kommenden Sonntag.<\/p>\n<p>F\u00fcr die Wahlkreise<\/p>\n<blockquote><p>134 Herford &#8211; Minden-L\u00fcbbecke II (B\u00fcnde, Enger, Herford, Hiddenhausen, Kirchlengern, L\u00f6hne, R\u00f6dinghausen, Spenge, Vlotho und aus dem Kreis Minden-L\u00fcbbecke Bad Oeynhausen)<\/p>\n<p>135 Minden-L\u00fcbbecke I (Espelkamp, Hille, H\u00fcllhorst, L\u00fcbbecke, Minden, Petershagen, Porta Westfalica, Preu\u00dfisch Oldendorf, Rahden, Stemwede)<\/p>\n<p>136 Lippe I (Bad Salzuflen, Barntrup, Blomberg, D\u00f6rentrup, Extertal, Kalletal, <a title=\"Ergebnisse der Bundestagswahl 2009 in Lage\" href=\"http:\/\/wahl.krz.de\/BW2009\/05766040\/index.htm\" target=\"_blank\"><strong>Lage<\/strong><\/a>, Lemgo, Leopoldsh\u00f6he, Oerlinghausen)<\/p><\/blockquote>\n<p>k\u00f6nnen die <a title=\"Ergebnisse der Bundestagswahl 2009\" href=\"http:\/\/wahl.krz.de\/BW2009\/index.htm\" target=\"_blank\">Ergebnisse der Bundestagswahlen<\/a> auf den Seiten des Kommunalen Rechenzentrums Minden-Ravensberg\/Lippe ab dem 27. September 2009 (nat\u00fcrlich erst nach Schlie\u00dfung der Wahllokale und Ausz\u00e4hlung der Stimmen) eingesehen werden<\/p>\n<p>F\u00fcr den Wahlkreis<\/p>\n<blockquote><p>137 H\u00f6xter &#8211; Lippe II (Gemeinden des Kreises H\u00f6xter und aus dem Kreis Lippe Augustdorf, <strong>Detmold<\/strong>, Horn-Bad Meinberg, L\u00fcgde, Schieder-Schwalenberg, Schlangen)<\/p><\/blockquote>\n<p>bietet der <a title=\"Ergebnisse der Bundestagswahl 2009\" href=\"http:\/\/www.kreis-hoexter.de\/buergerservice\/online-dienstleistungen\/wahlen\" target=\"_blank\">Kreis H\u00f6xter<\/a> eine Seite, auf der man sowohl die Ergebnisse der Wahl 2005 (<a title=\"Erststimme 2005\" href=\"http:\/\/www.kreis-hoexter.de\/wahlen\/bt2009_1\/java\/bt2009_1\/wahl_2005_1.html\" target=\"_blank\">Erststimme<\/a> \/ <a title=\"Zweitstimme 2005\" href=\"http:\/\/www.kreis-hoexter.de\/wahlen\/bt2009_2\/java\/bt2009_2\/wahl_2005_2.html\" target=\"_blank\">Zweitstimme<\/a>) als auch (am Wahlabend) die Ergebnisse der aktuellen Wahl (<a title=\"Erststimme 2009\" href=\"http:\/\/www.kreis-hoexter.de\/wahlen\/bt2009_1\/java\/bt2009_1\/index.html\" target=\"_blank\">Erststimme<\/a> \/ <a title=\"Zweitstimme 2009\" href=\"http:\/\/www.kreis-hoexter.de\/wahlen\/bt2009_2\/java\/bt2009_2\/index.html\" target=\"_blank\">Zweitstimme<\/a>) anschauen kann.<\/p>\n","protected":false},"excerpt":{"rendered":"<p>Hier einige Infos f\u00fcr den Wahlabend am kommenden Sonntag. F\u00fcr die Wahlkreise 134 Herford &#8211; Minden-L\u00fcbbecke II (B\u00fcnde, Enger, Herford, Hiddenhausen, Kirchlengern, L\u00f6hne, R\u00f6dinghausen, Spenge, Vlotho und aus dem Kreis Minden-L\u00fcbbecke Bad Oeynhausen) 135 Minden-L\u00fcbbecke I (Espelkamp, Hille, H\u00fcllhorst, L\u00fcbbecke, &hellip; <a href=\"http:\/\/kochsiek.org\/blog\/2009\/09\/25\/ergebnisse-der-bundestagswahl-2009\/\">Weiterlesen <span class=\"meta-nav\">&rarr;<\/span><\/a><\/p>\n","protected":false},"author":2,"featured_media":0,"comment_status":"open","ping_status":"open","sticky":false,"template":"","format":"standard","meta":{"ngg_post_thumbnail":0,"footnotes":""},"categories":[639,162],"tags":[642,643,644,645,7,408,143,648,647,585,646,649,556,641],"jetpack_sharing_enabled":true,"jetpack_featured_media_url":"","_links":{"self":[{"href":"http:\/\/kochsiek.org\/blog\/wp-json\/wp\/v2\/posts\/1204"}],"collection":[{"href":"http:\/\/kochsiek.org\/blog\/wp-json\/wp\/v2\/posts"}],"about":[{"href":"http:\/\/kochsiek.org\/blog\/wp-json\/wp\/v2\/types\/post"}],"author":[{"embeddable":true,"href":"http:\/\/kochsiek.org\/blog\/wp-json\/wp\/v2\/users\/2"}],"replies":[{"embeddable":true,"href":"http:\/\/kochsiek.org\/blog\/wp-json\/wp\/v2\/comments?post=1204"}],"version-history":[{"count":6,"href":"http:\/\/kochsiek.org\/blog\/wp-json\/wp\/v2\/posts\/1204\/revisions"}],"predecessor-version":[{"id":1210,"href":"http:\/\/kochsiek.org\/blog\/wp-json\/wp\/v2\/posts\/1204\/revisions\/1210"}],"wp:attachment":[{"href":"http:\/\/kochsiek.org\/blog\/wp-json\/wp\/v2\/media?parent=1204"}],"wp:term":[{"taxonomy":"category","embeddable":true,"href":"http:\/\/kochsiek.org\/blog\/wp-json\/wp\/v2\/categories?post=1204"},{"taxonomy":"post_tag","embeddable":true,"href":"http:\/\/kochsiek.org\/blog\/wp-json\/wp\/v2\/tags?post=1204"}],"curies":[{"name":"wp","href":"https:\/\/api.w.org\/{rel}","templated":true}]}}