{"id":1184,"date":"2009-09-21T16:57:26","date_gmt":"2009-09-21T14:57:26","guid":{"rendered":"http:\/\/kochsiek.org\/blog\/?p=1184"},"modified":"2009-09-21T15:49:44","modified_gmt":"2009-09-21T13:49:44","slug":"ein-jahr-bei-den-linken","status":"publish","type":"post","link":"http:\/\/kochsiek.org\/blog\/2009\/09\/21\/ein-jahr-bei-den-linken\/","title":{"rendered":"Ein Jahr bei den LINKEN"},"content":{"rendered":"<p>In Erg\u00e4nzung zu <a title=\"Kochsiek.org\" href=\"http:\/\/kochsiek.org\/blog\/2009\/09\/12\/alle-besteuern\/\" target=\"_blank\">meinem Artikel<\/a> \u00fcber die <em>Reichtum f\u00fcr Alle<\/em> und <em>Reichtum besteuern<\/em> Wahlplakate der Linken habe ich hier noch einen sch\u00f6nen Bericht von Tobias Haberl, der ab Herbst 2008 f\u00fcr ein Jahr lang der Partei <em>Die Linke<\/em> beigetreten ist, um &#8211; ganz im <a title=\"G\u00fcnter Wallraff\" href=\"http:\/\/de.wikipedia.org\/wiki\/Wallraff\" target=\"_blank\">Wallraff<\/a> Stil &#8211; mal unter die Oberfl\u00e4che zu gucken und zu schauen, was es ausser Gysi und Lafontaine noch so alles f\u00fcr Gestalten dort gibt.<\/p>\n<p><a title=\"Mein Jahr in der Linkspartei\" href=\"http:\/\/szmstat.sueddeutsche.de\/texte\/anzeigen\/30837\/mein-jahr-in-der-linkspartei\" target=\"_blank\">Sehr lesenswert<\/a>, wie ich finde!<\/p>\n<div id=\"_mcePaste\" style=\"overflow: hidden; position: absolute; left: -10000px; top: 0px; width: 1px; height: 1px;\"><em>Tobias Haberl<\/em><\/div>\n","protected":false},"excerpt":{"rendered":"<p>In Erg\u00e4nzung zu meinem Artikel \u00fcber die Reichtum f\u00fcr Alle und Reichtum besteuern Wahlplakate der Linken habe ich hier noch einen sch\u00f6nen Bericht von Tobias Haberl, der ab Herbst 2008 f\u00fcr ein Jahr lang der Partei Die Linke beigetreten ist, &hellip; <a href=\"http:\/\/kochsiek.org\/blog\/2009\/09\/21\/ein-jahr-bei-den-linken\/\">Weiterlesen <span class=\"meta-nav\">&rarr;<\/span><\/a><\/p>\n","protected":false},"author":2,"featured_media":0,"comment_status":"open","ping_status":"open","sticky":false,"template":"","format":"standard","meta":{"ngg_post_thumbnail":0,"footnotes":""},"categories":[162],"tags":[636,632,633,631,635,634],"jetpack_sharing_enabled":true,"jetpack_featured_media_url":"","_links":{"self":[{"href":"http:\/\/kochsiek.org\/blog\/wp-json\/wp\/v2\/posts\/1184"}],"collection":[{"href":"http:\/\/kochsiek.org\/blog\/wp-json\/wp\/v2\/posts"}],"about":[{"href":"http:\/\/kochsiek.org\/blog\/wp-json\/wp\/v2\/types\/post"}],"author":[{"embeddable":true,"href":"http:\/\/kochsiek.org\/blog\/wp-json\/wp\/v2\/users\/2"}],"replies":[{"embeddable":true,"href":"http:\/\/kochsiek.org\/blog\/wp-json\/wp\/v2\/comments?post=1184"}],"version-history":[{"count":2,"href":"http:\/\/kochsiek.org\/blog\/wp-json\/wp\/v2\/posts\/1184\/revisions"}],"predecessor-version":[{"id":1190,"href":"http:\/\/kochsiek.org\/blog\/wp-json\/wp\/v2\/posts\/1184\/revisions\/1190"}],"wp:attachment":[{"href":"http:\/\/kochsiek.org\/blog\/wp-json\/wp\/v2\/media?parent=1184"}],"wp:term":[{"taxonomy":"category","embeddable":true,"href":"http:\/\/kochsiek.org\/blog\/wp-json\/wp\/v2\/categories?post=1184"},{"taxonomy":"post_tag","embeddable":true,"href":"http:\/\/kochsiek.org\/blog\/wp-json\/wp\/v2\/tags?post=1184"}],"curies":[{"name":"wp","href":"https:\/\/api.w.org\/{rel}","templated":true}]}}