{"id":1045,"date":"2009-09-08T09:12:28","date_gmt":"2009-09-08T07:12:28","guid":{"rendered":"http:\/\/kochsiek.org\/blog\/?p=1045"},"modified":"2009-09-08T09:12:28","modified_gmt":"2009-09-08T07:12:28","slug":"wie-schmeckt-eigentlich-eine-anti-pickel-gesichtsmaske","status":"publish","type":"post","link":"http:\/\/kochsiek.org\/blog\/2009\/09\/08\/wie-schmeckt-eigentlich-eine-anti-pickel-gesichtsmaske\/","title":{"rendered":"Wie schmeckt eigentlich eine Anti-Pickel-Gesichtsmaske?"},"content":{"rendered":"<p>Diese Frage kann ich zwar nicht beantworten, aber ich wei\u00df dass eine solche Maske <em>reinigt &amp; beruhigt<\/em>, wie es auf dem folgenden Bild eindrucksvoll dargestellt ist.<\/p>\n<p><a href=\"http:\/\/kochsiek.org\/blog\/wp-content\/uploads\/2009\/08\/20090808_anti_pickel_maske.jpg\"><img loading=\"lazy\" decoding=\"async\" class=\"aligncenter size-medium wp-image-1029\" title=\"Anti Pickel Gesichtsmaske\" src=\"http:\/\/kochsiek.org\/blog\/wp-content\/uploads\/2009\/08\/20090808_anti_pickel_maske-300x224.jpg\" alt=\"Anti Pickel Gesichtsmaske\" width=\"300\" height=\"224\" srcset=\"http:\/\/kochsiek.org\/blog\/wp-content\/uploads\/2009\/08\/20090808_anti_pickel_maske-300x224.jpg 300w, http:\/\/kochsiek.org\/blog\/wp-content\/uploads\/2009\/08\/20090808_anti_pickel_maske.jpg 678w\" sizes=\"(max-width: 300px) 100vw, 300px\" \/><\/a><\/p>\n<p>Nun gibt es von der selben Firma noch eine weitere Gesichtsmaske. Bei dieser Ausf\u00fchrung haben sich die Produktentwickler und Marketing-Strategen einen ganz besonderen Slogan einfallen lassen, um den K\u00e4ufer (seien wir ehrlich: die K\u00e4uferin) zum Griff ins Regal zu bewegen.<\/p>\n<p><a href=\"http:\/\/kochsiek.org\/blog\/wp-content\/uploads\/2009\/08\/20090808_schoko_maske.jpg\"><img loading=\"lazy\" decoding=\"async\" class=\"aligncenter size-medium wp-image-1032\" title=\"Schoko Gesichtsmaske\" src=\"http:\/\/kochsiek.org\/blog\/wp-content\/uploads\/2009\/08\/20090808_schoko_maske-300x224.jpg\" alt=\"Schoko Gesichtsmaske\" width=\"300\" height=\"224\" srcset=\"http:\/\/kochsiek.org\/blog\/wp-content\/uploads\/2009\/08\/20090808_schoko_maske-300x224.jpg 300w, http:\/\/kochsiek.org\/blog\/wp-content\/uploads\/2009\/08\/20090808_schoko_maske.jpg 678w\" sizes=\"(max-width: 300px) 100vw, 300px\" \/><\/a><\/p>\n<p>Ich kann also nicht sagen, wie eine Anti-Pickel-Gesichtsmaske schmeckt, die Schoko-Version jedenfalls <em>schmeckt lecker<\/em>.<\/p>\n<p>Wer es \u00fcbrigens noch eine Spur exklusiver haben m\u00f6chte, der kann auch direkt neben die Anti-Pickel-Maske greifen und findet dort was? Richtig!<\/p>\n<p><a href=\"http:\/\/kochsiek.org\/blog\/wp-content\/uploads\/2009\/08\/20090808_gold_maske.jpg\"><img loading=\"lazy\" decoding=\"async\" class=\"aligncenter size-medium wp-image-1030\" title=\"Gesichtsmaske Gold\" src=\"http:\/\/kochsiek.org\/blog\/wp-content\/uploads\/2009\/08\/20090808_gold_maske-300x224.jpg\" alt=\"Gesichtsmaske Gold\" width=\"300\" height=\"224\" srcset=\"http:\/\/kochsiek.org\/blog\/wp-content\/uploads\/2009\/08\/20090808_gold_maske-300x224.jpg 300w, http:\/\/kochsiek.org\/blog\/wp-content\/uploads\/2009\/08\/20090808_gold_maske.jpg 678w\" sizes=\"(max-width: 300px) 100vw, 300px\" \/><\/a><\/p>\n<p>Ob die zum Verzehr geeignet ist, kann ich nicht sagen. Aber wieso nicht? Es gibt schlie\u00dflich auch<a title=\"Blattgold Curry-Wurst\" href=\"http:\/\/www.flickr.com\/photos\/81376552@N00\/482521091\" target=\"_blank\"> Curry-W\u00fcrste mit Blattgoldbelag<\/a>.<\/p>\n","protected":false},"excerpt":{"rendered":"<p>Diese Frage kann ich zwar nicht beantworten, aber ich wei\u00df dass eine solche Maske reinigt &amp; beruhigt, wie es auf dem folgenden Bild eindrucksvoll dargestellt ist. Nun gibt es von der selben Firma noch eine weitere Gesichtsmaske. Bei dieser Ausf\u00fchrung &hellip; <a href=\"http:\/\/kochsiek.org\/blog\/2009\/09\/08\/wie-schmeckt-eigentlich-eine-anti-pickel-gesichtsmaske\/\">Weiterlesen <span class=\"meta-nav\">&rarr;<\/span><\/a><\/p>\n","protected":false},"author":2,"featured_media":0,"comment_status":"open","ping_status":"open","sticky":false,"template":"","format":"standard","meta":{"ngg_post_thumbnail":0,"footnotes":""},"categories":[4],"tags":[528,531,530,526,529,527],"jetpack_sharing_enabled":true,"jetpack_featured_media_url":"","_links":{"self":[{"href":"http:\/\/kochsiek.org\/blog\/wp-json\/wp\/v2\/posts\/1045"}],"collection":[{"href":"http:\/\/kochsiek.org\/blog\/wp-json\/wp\/v2\/posts"}],"about":[{"href":"http:\/\/kochsiek.org\/blog\/wp-json\/wp\/v2\/types\/post"}],"author":[{"embeddable":true,"href":"http:\/\/kochsiek.org\/blog\/wp-json\/wp\/v2\/users\/2"}],"replies":[{"embeddable":true,"href":"http:\/\/kochsiek.org\/blog\/wp-json\/wp\/v2\/comments?post=1045"}],"version-history":[{"count":2,"href":"http:\/\/kochsiek.org\/blog\/wp-json\/wp\/v2\/posts\/1045\/revisions"}],"predecessor-version":[{"id":1120,"href":"http:\/\/kochsiek.org\/blog\/wp-json\/wp\/v2\/posts\/1045\/revisions\/1120"}],"wp:attachment":[{"href":"http:\/\/kochsiek.org\/blog\/wp-json\/wp\/v2\/media?parent=1045"}],"wp:term":[{"taxonomy":"category","embeddable":true,"href":"http:\/\/kochsiek.org\/blog\/wp-json\/wp\/v2\/categories?post=1045"},{"taxonomy":"post_tag","embeddable":true,"href":"http:\/\/kochsiek.org\/blog\/wp-json\/wp\/v2\/tags?post=1045"}],"curies":[{"name":"wp","href":"https:\/\/api.w.org\/{rel}","templated":true}]}}